{"id":1637,"date":"2014-06-19T22:57:52","date_gmt":"2014-06-19T20:57:52","guid":{"rendered":"http:\/\/alasdeleyre.com\/?p=1637"},"modified":"2014-06-19T22:57:52","modified_gmt":"2014-06-19T20:57:52","slug":"liga-norte-2014-21-22-junio-arangoiti","status":"publish","type":"post","link":"https:\/\/alasdeleyre.com\/?p=1637","title":{"rendered":"Liga Norte 2014 &#8211; 21-22 junio &#8211; ARANGOITI"},"content":{"rendered":"<p><a href=\"http:\/\/alasdeleyre.com\/wp-content\/uploads\/2014\/06\/2011-04-16-Arangoiti-13-1200.jpg\"><img loading=\"lazy\" decoding=\"async\" class=\"aligncenter  wp-image-1638\" src=\"http:\/\/alasdeleyre.com\/wp-content\/uploads\/2014\/06\/2011-04-16-Arangoiti-13-1200-1024x680.jpg\" alt=\"2011-04-16-Arangoiti-13-1200\" width=\"757\" height=\"503\" srcset=\"https:\/\/alasdeleyre.com\/wp-content\/uploads\/2014\/06\/2011-04-16-Arangoiti-13-1200-1024x680.jpg 1024w, https:\/\/alasdeleyre.com\/wp-content\/uploads\/2014\/06\/2011-04-16-Arangoiti-13-1200-300x199.jpg 300w, https:\/\/alasdeleyre.com\/wp-content\/uploads\/2014\/06\/2011-04-16-Arangoiti-13-1200.jpg 1200w\" sizes=\"auto, (max-width: 757px) 100vw, 757px\" \/><\/a><\/p>\n<p>Bueno, pues nos vamos a Arangoiti.<\/p>\n<p>La m\u00e9teo es un poco singular, s\u00ed. Que si nubarracos por el norte el s\u00e1bado, que igual llueve&#8230;, pero, en contra de estos peros, hay otras cosas, como buenos techos, viento flojo, buena t\u00e9rmica. Y que es f\u00e1cil que no llueva.<\/p>\n<p>La cosa estaba en duda entre ir a Loarre, o a Arangoiti.<br \/>\nAl final, nos quedamos con Arangoiti, en donde parece que nos vamos a librar de las nubes feas.<\/p>\n<p>El domingo pinta bien, o muy bien. La cosa parece m\u00e1s tranquila que el s\u00e1bado. M\u00e1s techo (por encima de 3000, bien pasado). As\u00ed que, igual podemos hacer una prueba bonita y larga.<\/p>\n<p>&nbsp;<\/p>\n<p>Bueno, as\u00ed que, el s\u00e1bado, 10:00, en el IRU BIDE, en Lumbier.<\/p>\n<p>Puntuales, a ver si podemos subir pronto, y no esperar a que la cosa se ponga gorda.<\/p>\n<p><img loading=\"lazy\" decoding=\"async\" class=\"alignleft wp-image-1639\" src=\"http:\/\/alasdeleyre.com\/wp-content\/uploads\/2014\/06\/Argazkia015-800.jpg\" alt=\"Argazkia015-800\" width=\"250\" height=\"166\" srcset=\"https:\/\/alasdeleyre.com\/wp-content\/uploads\/2014\/06\/Argazkia015-800.jpg 800w, https:\/\/alasdeleyre.com\/wp-content\/uploads\/2014\/06\/Argazkia015-800-300x199.jpg 300w\" sizes=\"auto, (max-width: 250px) 100vw, 250px\" \/><\/p>\n<p>Las <a title=\"Balizas Liga Norte\" href=\"http:\/\/alasdeleyre.com\/?page_id=27\" target=\"_blank\">balizas<\/a>, como siempre, en su secci\u00f3n.<\/p>\n<p>Una vez all\u00ed, en la inscripci\u00f3n, nos dec\u00eds si os vais a quedar a cenar o no.<\/p>\n<p>&nbsp;<\/p>\n<p>Por cierto, decir que, los d\u00edas 26 y 27 de julio tenemos una prueba de resreva, que est\u00e1 condicionada a que no hayamos llegado a 5 mangas. As\u00ed que, como llevamos 3 mangas, si este finde no punt\u00faan las dos, esa prueba se realizar\u00e1.<\/p>\n<p>&nbsp;<\/p>\n<p>Venga nos vemos en Arango!!!, que ya tocaba!!!<\/p>\n<p>&nbsp;<\/p>\n","protected":false},"excerpt":{"rendered":"<p>Bueno, pues nos vamos a Arangoiti. La m\u00e9teo es un poco singular, s\u00ed. Que si nubarracos por el norte el s\u00e1bado, que igual llueve&#8230;, pero, en contra de estos peros, hay otras cosas, como buenos techos, viento flojo, buena t\u00e9rmica. Y que es f\u00e1cil que no llueva. La cosa estaba en duda entre ir a [&hellip;]<\/p>\n","protected":false},"author":1,"featured_media":0,"comment_status":"open","ping_status":"closed","sticky":false,"template":"","format":"standard","meta":{"ngg_post_thumbnail":0,"jetpack_post_was_ever_published":false,"_jetpack_newsletter_access":"","_jetpack_dont_email_post_to_subs":false,"_jetpack_newsletter_tier_id":0,"_jetpack_memberships_contains_paywalled_content":false,"_jetpack_memberships_contains_paid_content":false,"footnotes":""},"categories":[3,13,17],"tags":[],"class_list":["post-1637","post","type-post","status-publish","format-standard","hentry","category-liga-norte","category-parapente","category-rapeladas"],"jetpack_featured_media_url":"","jetpack_sharing_enabled":true,"_links":{"self":[{"href":"https:\/\/alasdeleyre.com\/index.php?rest_route=\/wp\/v2\/posts\/1637","targetHints":{"allow":["GET"]}}],"collection":[{"href":"https:\/\/alasdeleyre.com\/index.php?rest_route=\/wp\/v2\/posts"}],"about":[{"href":"https:\/\/alasdeleyre.com\/index.php?rest_route=\/wp\/v2\/types\/post"}],"author":[{"embeddable":true,"href":"https:\/\/alasdeleyre.com\/index.php?rest_route=\/wp\/v2\/users\/1"}],"replies":[{"embeddable":true,"href":"https:\/\/alasdeleyre.com\/index.php?rest_route=%2Fwp%2Fv2%2Fcomments&post=1637"}],"version-history":[{"count":1,"href":"https:\/\/alasdeleyre.com\/index.php?rest_route=\/wp\/v2\/posts\/1637\/revisions"}],"predecessor-version":[{"id":1640,"href":"https:\/\/alasdeleyre.com\/index.php?rest_route=\/wp\/v2\/posts\/1637\/revisions\/1640"}],"wp:attachment":[{"href":"https:\/\/alasdeleyre.com\/index.php?rest_route=%2Fwp%2Fv2%2Fmedia&parent=1637"}],"wp:term":[{"taxonomy":"category","embeddable":true,"href":"https:\/\/alasdeleyre.com\/index.php?rest_route=%2Fwp%2Fv2%2Fcategories&post=1637"},{"taxonomy":"post_tag","embeddable":true,"href":"https:\/\/alasdeleyre.com\/index.php?rest_route=%2Fwp%2Fv2%2Ftags&post=1637"}],"curies":[{"name":"wp","href":"https:\/\/api.w.org\/{rel}","templated":true}]}}