{"id":2625,"date":"2017-10-03T19:58:20","date_gmt":"2017-10-03T17:58:20","guid":{"rendered":"http:\/\/alasdeleyre.com\/?p=2625"},"modified":"2017-10-06T22:15:52","modified_gmt":"2017-10-06T20:15:52","slug":"xxviii-concentracion-de-belagua-cronicas","status":"publish","type":"post","link":"https:\/\/alasdeleyre.com\/?p=2625","title":{"rendered":"XXVIII Concentraci\u00f3n de Belagua &#8211; Cr\u00f3nica"},"content":{"rendered":"<p><a href=\"http:\/\/alasdeleyre.com\/wp-content\/uploads\/2017\/10\/22228611_1002758676549319_4835839826882538368_n-e1507155510413.jpg\"><img loading=\"lazy\" decoding=\"async\" class=\"aligncenter wp-image-2651\" src=\"http:\/\/alasdeleyre.com\/wp-content\/uploads\/2017\/10\/22228611_1002758676549319_4835839826882538368_n-e1507155510413-300x197.jpg\" alt=\"\" width=\"499\" height=\"328\" srcset=\"https:\/\/alasdeleyre.com\/wp-content\/uploads\/2017\/10\/22228611_1002758676549319_4835839826882538368_n-e1507155510413-300x197.jpg 300w, https:\/\/alasdeleyre.com\/wp-content\/uploads\/2017\/10\/22228611_1002758676549319_4835839826882538368_n-e1507155510413-768x505.jpg 768w, https:\/\/alasdeleyre.com\/wp-content\/uploads\/2017\/10\/22228611_1002758676549319_4835839826882538368_n-e1507155510413.jpg 874w\" sizes=\"auto, (max-width: 499px) 100vw, 499px\" \/><\/a><\/p>\n<p>Impresionante!<\/p>\n<p>Quiz\u00e1s no deber\u00edamos decirlo as\u00ed en un finde de tiempo malo, pero es que, este finde ha sido impresionante la respuesta que hab\u00e9is dado a la concentraci\u00f3n.<\/p>\n<p>As\u00ed da gusto organizar actividades, sabiendo que a pesar de los pesares,, 150 personas se dan cita en el Valle de Belagua.<\/p>\n<p>&nbsp;<\/p>\n<p>El viernes daban buen d\u00eda, hasta la entrada del norte. Algunos hicieron muy buenos vuelos, con mucha altura.<\/p>\n<p>Pero, llegados al s\u00e1bado, agua&#8230;<\/p>\n<p>En la organizaci\u00f3n hab\u00eda dudas sobre d\u00f3nde hacer el almuerzo. No es decisi\u00f3n f\u00e1cil. Son 150 personas, y la idea es siempre hacerlo al aire libre. Pero, es que, llov\u00eda. Y sab\u00edamos que iba a llover m\u00e1s, pero tambi\u00e9n sab\u00edamos que iba a dejar de llover.&nbsp;<\/p>\n<div class=\"fb-video\" data-allowfullscreen=\"true\" data-href=\"https:\/\/www.facebook.com\/erxino\/videos\/10215005440836001\/\" style=\"background-color: #fff; display: inline-block;\"><\/div>\n<p>As\u00ed que, convencidos,, montamos un mont\u00f3n de carpas y toldos, en la zona del bar del Rinc\u00f3n. Y, tras un chaparr\u00f3n fuerte, a&nbsp; \u00e9so de las 13:30 ya dej\u00f3 de llover, y no llover\u00eda hasta el d\u00eda siguiente.<\/p>\n<p>As\u00ed que, un gran acierto, porque, aunque ten\u00edamos la opci\u00f3n de hacer el almuerzo en el front\u00f3n, la verdad es que era bastante foll\u00f3n y ten\u00eda sus inconvenientes.<\/p>\n<p>En cualquier caso, hay que agradecer, y mucho, la gran disponibilidad del Ayto. de Isaba,, al permitirnos tener esta opci\u00f3n (si llov\u00eda mucho).<\/p>\n<p><a href=\"http:\/\/alasdeleyre.com\/wp-content\/uploads\/2017\/10\/22046862_1996777833669502_5976517587202683548_n.jpg\"><img loading=\"lazy\" decoding=\"async\" class=\"wp-image-2630 alignleft\" src=\"http:\/\/alasdeleyre.com\/wp-content\/uploads\/2017\/10\/22046862_1996777833669502_5976517587202683548_n.jpg\" alt=\"\" width=\"367\" height=\"245\" srcset=\"https:\/\/alasdeleyre.com\/wp-content\/uploads\/2017\/10\/22046862_1996777833669502_5976517587202683548_n.jpg 960w, https:\/\/alasdeleyre.com\/wp-content\/uploads\/2017\/10\/22046862_1996777833669502_5976517587202683548_n-300x200.jpg 300w, https:\/\/alasdeleyre.com\/wp-content\/uploads\/2017\/10\/22046862_1996777833669502_5976517587202683548_n-768x512.jpg 768w\" sizes=\"auto, (max-width: 367px) 100vw, 367px\" \/><\/a> <a href=\"http:\/\/alasdeleyre.com\/wp-content\/uploads\/2017\/10\/22090083_1996777643669521_5874887922808087826_n.jpg\"><img loading=\"lazy\" decoding=\"async\" class=\"wp-image-2631 alignright\" src=\"http:\/\/alasdeleyre.com\/wp-content\/uploads\/2017\/10\/22090083_1996777643669521_5874887922808087826_n.jpg\" alt=\"\" width=\"412\" height=\"619\" srcset=\"https:\/\/alasdeleyre.com\/wp-content\/uploads\/2017\/10\/22090083_1996777643669521_5874887922808087826_n.jpg 640w, https:\/\/alasdeleyre.com\/wp-content\/uploads\/2017\/10\/22090083_1996777643669521_5874887922808087826_n-200x300.jpg 200w\" sizes=\"auto, (max-width: 412px) 100vw, 412px\" \/><\/a><\/p>\n<p>Las planchas empezaron a funcionar. 4 planchas, alguna de ellas enorme, a toda pastilla, haciendo de todo tipo de comida (carn\u00edvora y herv\u00edbora). Adem\u00e1s, llegaron 2 pozales de migas de pastor, que estaban de muerte, y entraron de lo lindo.<\/p>\n<p>Todo ello, acompa\u00f1ado de vino, cerveza (muuuucha cerveza), sidra, refrescos, e, iincluso, \u00a1agua!<\/p>\n<p>Tras la comida (postres incluidos), vemos que se abre alg\u00fan hueco entre las nubes del despegue. Y se decide hacer una subida con los veh\u00edculos de la organizaci\u00f3n, para probar.<\/p>\n<p>Y, \u00a1mira t\u00fa por d\u00f3nde!, que se vuela!!! Si ya lo decimos, en Belagua, SIEMPRE se vuela!<\/p>\n<p>Fue Miguel Viv\u00f3, quien a sus 71 a\u00f1os demostr\u00f3 c\u00f3mo hay que correr sin viento, o con algo de viento en cola. S\u00ed se\u00f1or!<\/p>\n<p>Tampoco es que el d\u00eda fuera nada del otro mundo, pero, al menos, una docena de pilotos pudieron hacerse un descenso, y decir: \u00abhe volado\u00bb. En un d\u00eda por el que, la verdad, no esper\u00e1bamos que nadie pudiera volar.<\/p>\n<p><a href=\"http:\/\/alasdeleyre.com\/wp-content\/uploads\/2017\/10\/22049873_1996778743669411_952224449599620075_n.jpg\"><img loading=\"lazy\" decoding=\"async\" class=\"wp-image-2632 alignleft\" src=\"http:\/\/alasdeleyre.com\/wp-content\/uploads\/2017\/10\/22049873_1996778743669411_952224449599620075_n.jpg\" alt=\"\" width=\"370\" height=\"555\" srcset=\"https:\/\/alasdeleyre.com\/wp-content\/uploads\/2017\/10\/22049873_1996778743669411_952224449599620075_n.jpg 640w, https:\/\/alasdeleyre.com\/wp-content\/uploads\/2017\/10\/22049873_1996778743669411_952224449599620075_n-200x300.jpg 200w\" sizes=\"auto, (max-width: 370px) 100vw, 370px\" \/><\/a><\/p>\n<p>Hab\u00eda unas charlas programadas por la tarde, adem\u00e1s de una proyecci\u00f3n del v\u00eddeo <a href=\"http:\/\/www.antoinegirard.fr\/en\/le-film-pakistan-airway\/\" target=\"_blank\" rel=\"noopener\">Pakistan Airway<\/a>,, de Antoine Girard. Desde la organizaci\u00f3n mareamos un poco a todo el mundo, con sucesivos cambios de horario. Pero, es que, lo primero era lo primero. Si se pod\u00eda volar, hab\u00eda que hacerlo!<\/p>\n<p>Al fiinal, como era previsible, entr\u00f3 el viento de norte en el despegue, justo a tiempo de llegar a la primera de las proyecciones de v\u00eddeo, sobre la <a href=\"https:\/\/youtu.be\/2XbyZkB03rY\" target=\"_blank\" rel=\"noopener\">X-Pyr 2012<\/a> (por petici\u00f3n popular).<\/p>\n<p>El cine de Isaba estaba casi lleno. un montonazo de gente viendo las proyecciones, y disfrutando c\u00f3modamente.<\/p>\n<p>Tras ellas, turno de bajar a cenar al front\u00f3n.<\/p>\n<p>&nbsp;<\/p>\n<p>All\u00ed, todo estaba preparado. Las mesas colocadas,, las paellas a borbotones en sus paellas, etc&#8230;<\/p>\n<p>A las 21:00, puntuales como la muerte, \u00a1a cenar!<\/p>\n<p><a href=\"http:\/\/alasdeleyre.com\/wp-content\/uploads\/2017\/10\/22089029_10214287739098108_5403995049119538303_n.jpg\"><img loading=\"lazy\" decoding=\"async\" class=\"wp-image-2633 alignright\" src=\"http:\/\/alasdeleyre.com\/wp-content\/uploads\/2017\/10\/22089029_10214287739098108_5403995049119538303_n.jpg\" alt=\"\" width=\"317\" height=\"423\" srcset=\"https:\/\/alasdeleyre.com\/wp-content\/uploads\/2017\/10\/22089029_10214287739098108_5403995049119538303_n.jpg 720w, https:\/\/alasdeleyre.com\/wp-content\/uploads\/2017\/10\/22089029_10214287739098108_5403995049119538303_n-225x300.jpg 225w\" sizes=\"auto, (max-width: 317px) 100vw, 317px\" \/><\/a><\/p>\n<p>Tras la copiosa cena (no creo que nadie se quedara de hambre), toc\u00f3 la entrega de premios de la Liga Norte. No sin antes tener una larga lista de agradecimientos. A los que han colaborado trabajando en la Liga Norte, en la propia concentraci\u00f3n, sponsors, entidades, agradecimientos personales (Carlos Anto\u00f1anzas, que se ha convertido en el principal art\u00edfice de esta gran colaboraci\u00f3n con el Ayto. de Isaba),, e, incluso, alg\u00fan agradecimiento extra, a gente como Gorka Prieto, creador de la app <a href=\"https:\/\/play.google.com\/store\/apps\/details?id=com.akrog.tolomet&amp;hl=es\" target=\"_blank\" rel=\"noopener\">TOLOMET<\/a>. O a Isidoro, Xabi, \u00cd\u00f1igo, Juan, Itziar, Rakel&#8230;<\/p>\n<p>Tras todo esto, el interminable sorteo de regalos. Los ni\u00f1os apelotonados para hacer de mano inocente, y \u00a1a sacar n\u00fameros!.<\/p>\n<p>Muchos regalos, para mucha gente. Niviuk, Skywalk y el propio club Alas de Leyre pusieron de su parte para que todos pudi\u00e9ramos tener opci\u00f3n de que nos tocase algo (o casi todos).<\/p>\n<p>&nbsp;<\/p>\n<p>Al final, todo el mundo cogi\u00f3 su silla y, amablemente, la dej\u00f3 guardadita, quitando as\u00ed trabajo a la organizaci\u00f3n.<\/p>\n<p>Del front\u00f3n, algunos se fueron de farra (dicen las malas lenguas, que alguno lleg\u00f3 a su cama al amanecer); otros al catre, que al d\u00eda siguiente hab\u00eda viaje largo.<\/p>\n<p><a href=\"http:\/\/alasdeleyre.com\/wp-content\/uploads\/2017\/10\/22140953_10214274348083341_8711527371340133472_n.jpg\"><img loading=\"lazy\" decoding=\"async\" class=\"alignleft wp-image-2641\" src=\"http:\/\/alasdeleyre.com\/wp-content\/uploads\/2017\/10\/22140953_10214274348083341_8711527371340133472_n-150x150.jpg\" alt=\"\" width=\"100\" height=\"56\" srcset=\"https:\/\/alasdeleyre.com\/wp-content\/uploads\/2017\/10\/22140953_10214274348083341_8711527371340133472_n-300x169.jpg 300w, https:\/\/alasdeleyre.com\/wp-content\/uploads\/2017\/10\/22140953_10214274348083341_8711527371340133472_n-768x432.jpg 768w, https:\/\/alasdeleyre.com\/wp-content\/uploads\/2017\/10\/22140953_10214274348083341_8711527371340133472_n.jpg 960w\" sizes=\"auto, (max-width: 100px) 100vw, 100px\" \/><\/a> <a href=\"http:\/\/alasdeleyre.com\/wp-content\/uploads\/2017\/10\/22140909_10214274349523377_4981481863143096879_n.jpg\"><img loading=\"lazy\" decoding=\"async\" class=\"alignleft wp-image-2640\" src=\"http:\/\/alasdeleyre.com\/wp-content\/uploads\/2017\/10\/22140909_10214274349523377_4981481863143096879_n-150x150.jpg\" alt=\"\" width=\"100\" height=\"56\" srcset=\"https:\/\/alasdeleyre.com\/wp-content\/uploads\/2017\/10\/22140909_10214274349523377_4981481863143096879_n-300x169.jpg 300w, https:\/\/alasdeleyre.com\/wp-content\/uploads\/2017\/10\/22140909_10214274349523377_4981481863143096879_n-768x432.jpg 768w, https:\/\/alasdeleyre.com\/wp-content\/uploads\/2017\/10\/22140909_10214274349523377_4981481863143096879_n.jpg 960w\" sizes=\"auto, (max-width: 100px) 100vw, 100px\" \/><\/a> <a href=\"http:\/\/alasdeleyre.com\/wp-content\/uploads\/2017\/10\/22049871_10214274350523402_1145074764476344709_n.jpg\"><img loading=\"lazy\" decoding=\"async\" class=\"alignleft wp-image-2639\" src=\"http:\/\/alasdeleyre.com\/wp-content\/uploads\/2017\/10\/22049871_10214274350523402_1145074764476344709_n-150x150.jpg\" alt=\"\" width=\"100\" height=\"56\" srcset=\"https:\/\/alasdeleyre.com\/wp-content\/uploads\/2017\/10\/22049871_10214274350523402_1145074764476344709_n-300x169.jpg 300w, https:\/\/alasdeleyre.com\/wp-content\/uploads\/2017\/10\/22049871_10214274350523402_1145074764476344709_n-768x432.jpg 768w, https:\/\/alasdeleyre.com\/wp-content\/uploads\/2017\/10\/22049871_10214274350523402_1145074764476344709_n.jpg 960w\" sizes=\"auto, (max-width: 100px) 100vw, 100px\" \/><\/a> <a href=\"http:\/\/alasdeleyre.com\/wp-content\/uploads\/2017\/10\/22196329_10214274351283421_154850585580984478_n.jpg\"><img loading=\"lazy\" decoding=\"async\" class=\"alignleft wp-image-2638\" src=\"http:\/\/alasdeleyre.com\/wp-content\/uploads\/2017\/10\/22196329_10214274351283421_154850585580984478_n-150x150.jpg\" alt=\"\" width=\"100\" height=\"56\" srcset=\"https:\/\/alasdeleyre.com\/wp-content\/uploads\/2017\/10\/22196329_10214274351283421_154850585580984478_n-300x169.jpg 300w, https:\/\/alasdeleyre.com\/wp-content\/uploads\/2017\/10\/22196329_10214274351283421_154850585580984478_n-768x432.jpg 768w, https:\/\/alasdeleyre.com\/wp-content\/uploads\/2017\/10\/22196329_10214274351283421_154850585580984478_n.jpg 960w\" sizes=\"auto, (max-width: 100px) 100vw, 100px\" \/><\/a> <a href=\"http:\/\/alasdeleyre.com\/wp-content\/uploads\/2017\/10\/22141255_10214274351803434_6439227552127039702_n.jpg\"><img loading=\"lazy\" decoding=\"async\" class=\"alignleft wp-image-2637\" src=\"http:\/\/alasdeleyre.com\/wp-content\/uploads\/2017\/10\/22141255_10214274351803434_6439227552127039702_n-150x150.jpg\" alt=\"\" width=\"100\" height=\"56\" srcset=\"https:\/\/alasdeleyre.com\/wp-content\/uploads\/2017\/10\/22141255_10214274351803434_6439227552127039702_n-300x169.jpg 300w, https:\/\/alasdeleyre.com\/wp-content\/uploads\/2017\/10\/22141255_10214274351803434_6439227552127039702_n-768x432.jpg 768w, https:\/\/alasdeleyre.com\/wp-content\/uploads\/2017\/10\/22141255_10214274351803434_6439227552127039702_n.jpg 960w\" sizes=\"auto, (max-width: 100px) 100vw, 100px\" \/><\/a> <a href=\"http:\/\/alasdeleyre.com\/wp-content\/uploads\/2017\/10\/22089836_10214274352323447_2373501282175253432_n.jpg\"><img loading=\"lazy\" decoding=\"async\" class=\"alignleft wp-image-2636\" src=\"http:\/\/alasdeleyre.com\/wp-content\/uploads\/2017\/10\/22089836_10214274352323447_2373501282175253432_n-150x150.jpg\" alt=\"\" width=\"100\" height=\"56\" srcset=\"https:\/\/alasdeleyre.com\/wp-content\/uploads\/2017\/10\/22089836_10214274352323447_2373501282175253432_n-300x169.jpg 300w, https:\/\/alasdeleyre.com\/wp-content\/uploads\/2017\/10\/22089836_10214274352323447_2373501282175253432_n-768x432.jpg 768w, https:\/\/alasdeleyre.com\/wp-content\/uploads\/2017\/10\/22089836_10214274352323447_2373501282175253432_n.jpg 960w\" sizes=\"auto, (max-width: 100px) 100vw, 100px\" \/><\/a> <a href=\"http:\/\/alasdeleyre.com\/wp-content\/uploads\/2017\/10\/18739671_10214274352963463_6961643159994282051_n.jpg\"><img loading=\"lazy\" decoding=\"async\" class=\"wp-image-2635 alignleft\" src=\"http:\/\/alasdeleyre.com\/wp-content\/uploads\/2017\/10\/18739671_10214274352963463_6961643159994282051_n-150x150.jpg\" alt=\"\" width=\"100\" height=\"56\" srcset=\"https:\/\/alasdeleyre.com\/wp-content\/uploads\/2017\/10\/18739671_10214274352963463_6961643159994282051_n-300x169.jpg 300w, https:\/\/alasdeleyre.com\/wp-content\/uploads\/2017\/10\/18739671_10214274352963463_6961643159994282051_n-768x432.jpg 768w, https:\/\/alasdeleyre.com\/wp-content\/uploads\/2017\/10\/18739671_10214274352963463_6961643159994282051_n.jpg 960w\" sizes=\"auto, (max-width: 100px) 100vw, 100px\" \/><\/a> <a href=\"http:\/\/alasdeleyre.com\/wp-content\/uploads\/2017\/10\/22050376_10214274353523477_6120720496007822772_n.jpg\"><img loading=\"lazy\" decoding=\"async\" class=\"alignleft wp-image-2634\" src=\"http:\/\/alasdeleyre.com\/wp-content\/uploads\/2017\/10\/22050376_10214274353523477_6120720496007822772_n-150x150.jpg\" alt=\"\" width=\"100\" height=\"56\" srcset=\"https:\/\/alasdeleyre.com\/wp-content\/uploads\/2017\/10\/22050376_10214274353523477_6120720496007822772_n-300x169.jpg 300w, https:\/\/alasdeleyre.com\/wp-content\/uploads\/2017\/10\/22050376_10214274353523477_6120720496007822772_n-768x432.jpg 768w, https:\/\/alasdeleyre.com\/wp-content\/uploads\/2017\/10\/22050376_10214274353523477_6120720496007822772_n.jpg 960w\" sizes=\"auto, (max-width: 100px) 100vw, 100px\" \/><\/a><\/p>\n<p>&nbsp;<\/p>\n<p>&nbsp;<\/p>\n<p>&nbsp;<\/p>\n<p>&nbsp;<\/p>\n<p>La verdad es que ha sido un finde muy bueno, a pesar de la m\u00e9teo. Hemos disfrutado de lo lindo. Se ve que los bonos de m\u00e9teo los gastamos en la Liga Norte, pero, bueno.&nbsp;<\/p>\n<p>Ya hemos despedido \u00aboficialmente\u00bb la temporada. Y habr\u00e1 que ir pensando en la de 2018.<\/p>\n<p>&nbsp;<\/p>\n<p>Vamos con las fotos y v\u00eddeos:<\/p>\n<p><strong>Rakel<\/strong><\/p>\n<div class=\"fb-post\" data-href=\"https:\/\/www.facebook.com\/rakel.albeniz\/posts\/1996779397002679\" data-width=\"552\" style=\"background-color: #fff; display: inline-block;\"><\/div>\n<p>Los podium<\/p>\n<p><a href=\"https:\/\/www.facebook.com\/groups\/LigaNorteParapente\/permalink\/1547855608643570\/\"><img loading=\"lazy\" decoding=\"async\" class=\"size-medium wp-image-2645 aligncenter\" src=\"http:\/\/alasdeleyre.com\/wp-content\/uploads\/2017\/10\/Imagen-2-300x300.jpg\" alt=\"\" width=\"300\" height=\"300\" srcset=\"https:\/\/alasdeleyre.com\/wp-content\/uploads\/2017\/10\/Imagen-2-300x300.jpg 300w, https:\/\/alasdeleyre.com\/wp-content\/uploads\/2017\/10\/Imagen-2-150x150.jpg 150w, https:\/\/alasdeleyre.com\/wp-content\/uploads\/2017\/10\/Imagen-2.jpg 476w\" sizes=\"auto, (max-width: 300px) 100vw, 300px\" \/><\/a><\/p>\n<p><strong>\u00a1A comer!<\/strong><\/p>\n<div class=\"fb-video\" data-allowfullscreen=\"true\" data-href=\"https:\/\/www.facebook.com\/rakel.albeniz\/videos\/1996226480391304\/\" style=\"background-color: #fff; display: inline-block;\"><\/div>\n<p>&nbsp;<\/p>\n<p><strong>\u00a1A cenar!<\/strong><\/p>\n<div class=\"fb-video\" data-allowfullscreen=\"true\" data-href=\"https:\/\/www.facebook.com\/rakel.albeniz\/videos\/1996541287026490\/\" style=\"background-color: #fff; display: inline-block;\"><\/div>\n<p>&nbsp;<\/p>\n<p><strong>Josean<\/strong><\/p>\n<p>https:\/\/www.facebook.com\/groups\/LigaNorteParapente\/permalink\/1547717781990686\/<\/p>\n<p><strong>Agradecimientos 1<\/strong><\/p>\n<div class=\"fb-video\" data-allowfullscreen=\"true\" data-href=\"https:\/\/www.facebook.com\/joxean.99\/videos\/10155827234358885\/\" style=\"background-color: #fff; display: inline-block;\"><\/div>\n<p><strong>Agradecimientos 2, entrega de premios e inicio de sorteo<\/strong><\/p>\n<div class=\"fb-video\" data-allowfullscreen=\"true\" data-href=\"https:\/\/www.facebook.com\/joxean.99\/videos\/10155827268853885\/\" style=\"background-color: #fff; display: inline-block;\"><\/div>\n<p><strong>Sorteo, 2\u00aa parte<\/strong><\/p>\n<div class=\"fb-video\" data-allowfullscreen=\"true\" data-href=\"https:\/\/www.facebook.com\/joxean.99\/videos\/10155827401798885\/\" style=\"background-color: #fff; display: inline-block;\"><\/div>\n<p>&nbsp;<\/p>\n<p>&nbsp;<\/p>\n<p><strong>Cuadrillica cenando<\/strong><\/p>\n<div class=\"fb-video\" data-allowfullscreen=\"true\" data-href=\"https:\/\/www.facebook.com\/erxino\/videos\/10214983969179223\/\" style=\"background-color: #fff; display: inline-block;\"><\/div>\n<p>&nbsp;<\/p>\n<p><strong>H\u00e9ctor<\/strong><\/p>\n<p><a href=\"https:\/\/www.facebook.com\/hector.bejaranohernandez\/media_set?set=a.10214272278271597.1073741941.1555029624&amp;type=3&amp;pnref=story\"><img loading=\"lazy\" decoding=\"async\" class=\"alignnone wp-image-2647 \" src=\"http:\/\/alasdeleyre.com\/wp-content\/uploads\/2017\/10\/Imagen-3.jpg\" alt=\"\" width=\"509\" height=\"477\" srcset=\"https:\/\/alasdeleyre.com\/wp-content\/uploads\/2017\/10\/Imagen-3.jpg 843w, https:\/\/alasdeleyre.com\/wp-content\/uploads\/2017\/10\/Imagen-3-300x281.jpg 300w, https:\/\/alasdeleyre.com\/wp-content\/uploads\/2017\/10\/Imagen-3-768x721.jpg 768w\" sizes=\"auto, (max-width: 509px) 100vw, 509px\" \/><\/a><\/p>\n<p>&nbsp;<\/p>\n<p><strong>Mario<\/strong><\/p>\n<div class=\"fb-post\" data-href=\"https:\/\/www.facebook.com\/mario.arque.3\/posts\/1002775213214332\" data-width=\"552\" style=\"background-color: #fff; display: inline-block;\"><\/div>\n<p>&nbsp;<\/p>\n<p><strong>Arantza<\/p>\n<p><a href=\"https:\/\/www.facebook.com\/Aransworld\/posts\/10213151955341205?pnref=story\"><img loading=\"lazy\" decoding=\"async\" class=\"alignnone wp-image-2656 size-full\" src=\"http:\/\/alasdeleyre.com\/wp-content\/uploads\/2017\/10\/Imagen-1.jpg\" alt=\"\" width=\"489\" height=\"627\" srcset=\"https:\/\/alasdeleyre.com\/wp-content\/uploads\/2017\/10\/Imagen-1.jpg 489w, https:\/\/alasdeleyre.com\/wp-content\/uploads\/2017\/10\/Imagen-1-234x300.jpg 234w\" sizes=\"auto, (max-width: 489px) 100vw, 489px\" \/><\/a><br \/>\n<\/strong><\/p>\n<p>&nbsp;<\/p>\n<p>&nbsp;<\/p>\n<p>Estar\u00edamos encantados de publicar vuestras fotos y v\u00eddeos aqu\u00ed. O, \u00bfpor qu\u00e9 no?, vuestras propias cr\u00f3nicas, contando, desde vuestro punto de vista, c\u00f3mo se di\u00f3 este finde.<\/p>\n<p>&nbsp;<\/p>\n<p>Hasta la pr\u00f3xima!!!<\/p>\n<p>&nbsp;<\/p>\n<p>&nbsp;<\/p>\n","protected":false},"excerpt":{"rendered":"<p>Impresionante! Quiz\u00e1s no deber\u00edamos decirlo as\u00ed en un finde de tiempo malo, pero es que, este finde ha sido impresionante la respuesta que hab\u00e9is dado a la concentraci\u00f3n. As\u00ed da gusto organizar actividades, sabiendo que a pesar de los pesares,, 150 personas se dan cita en el Valle de Belagua. &nbsp; El viernes daban buen [&hellip;]<\/p>\n","protected":false},"author":1,"featured_media":0,"comment_status":"open","ping_status":"closed","sticky":false,"template":"","format":"standard","meta":{"ngg_post_thumbnail":0,"jetpack_post_was_ever_published":false,"_jetpack_newsletter_access":"","_jetpack_dont_email_post_to_subs":false,"_jetpack_newsletter_tier_id":0,"_jetpack_memberships_contains_paywalled_content":false,"_jetpack_memberships_contains_paid_content":false,"footnotes":""},"categories":[29,19,3,13],"tags":[],"class_list":["post-2625","post","type-post","status-publish","format-standard","hentry","category-concentraciones-parapente","category-cronicas","category-liga-norte","category-parapente"],"jetpack_featured_media_url":"","jetpack_sharing_enabled":true,"_links":{"self":[{"href":"https:\/\/alasdeleyre.com\/index.php?rest_route=\/wp\/v2\/posts\/2625","targetHints":{"allow":["GET"]}}],"collection":[{"href":"https:\/\/alasdeleyre.com\/index.php?rest_route=\/wp\/v2\/posts"}],"about":[{"href":"https:\/\/alasdeleyre.com\/index.php?rest_route=\/wp\/v2\/types\/post"}],"author":[{"embeddable":true,"href":"https:\/\/alasdeleyre.com\/index.php?rest_route=\/wp\/v2\/users\/1"}],"replies":[{"embeddable":true,"href":"https:\/\/alasdeleyre.com\/index.php?rest_route=%2Fwp%2Fv2%2Fcomments&post=2625"}],"version-history":[{"count":13,"href":"https:\/\/alasdeleyre.com\/index.php?rest_route=\/wp\/v2\/posts\/2625\/revisions"}],"predecessor-version":[{"id":2657,"href":"https:\/\/alasdeleyre.com\/index.php?rest_route=\/wp\/v2\/posts\/2625\/revisions\/2657"}],"wp:attachment":[{"href":"https:\/\/alasdeleyre.com\/index.php?rest_route=%2Fwp%2Fv2%2Fmedia&parent=2625"}],"wp:term":[{"taxonomy":"category","embeddable":true,"href":"https:\/\/alasdeleyre.com\/index.php?rest_route=%2Fwp%2Fv2%2Fcategories&post=2625"},{"taxonomy":"post_tag","embeddable":true,"href":"https:\/\/alasdeleyre.com\/index.php?rest_route=%2Fwp%2Fv2%2Ftags&post=2625"}],"curies":[{"name":"wp","href":"https:\/\/api.w.org\/{rel}","templated":true}]}}