{"id":2729,"date":"2018-04-17T22:56:34","date_gmt":"2018-04-17T20:56:34","guid":{"rendered":"http:\/\/alasdeleyre.com\/?p=2729"},"modified":"2018-04-24T22:10:40","modified_gmt":"2018-04-24T20:10:40","slug":"liga-norte-2018-14-15-junio-arangoiti-cronicas","status":"publish","type":"post","link":"https:\/\/alasdeleyre.com\/?p=2729","title":{"rendered":"LIGA NORTE 2018 &#8211; 14, 15 abril &#8211; ARANGOITI &#8211; CR\u00d3NICAS"},"content":{"rendered":"<p><a href=\"http:\/\/alasdeleyre.com\/wp-content\/uploads\/2018\/04\/30051678_982111288632461_4241131993818649499_o.jpg\"><img loading=\"lazy\" decoding=\"async\" class=\"aligncenter wp-image-2751\" src=\"http:\/\/alasdeleyre.com\/wp-content\/uploads\/2018\/04\/30051678_982111288632461_4241131993818649499_o.jpg\" alt=\"\" width=\"615\" height=\"346\" srcset=\"https:\/\/alasdeleyre.com\/wp-content\/uploads\/2018\/04\/30051678_982111288632461_4241131993818649499_o.jpg 1200w, https:\/\/alasdeleyre.com\/wp-content\/uploads\/2018\/04\/30051678_982111288632461_4241131993818649499_o-300x169.jpg 300w, https:\/\/alasdeleyre.com\/wp-content\/uploads\/2018\/04\/30051678_982111288632461_4241131993818649499_o-768x432.jpg 768w, https:\/\/alasdeleyre.com\/wp-content\/uploads\/2018\/04\/30051678_982111288632461_4241131993818649499_o-1024x576.jpg 1024w\" sizes=\"auto, (max-width: 615px) 100vw, 615px\" \/><\/a><\/p>\n<p>Por fin, tras 40 d\u00edas y 40 noches, ha salido el sol. Y ah\u00ed est\u00e1bamos nosotros, esperando ese momento, al acecho.<\/p>\n<p>60 pilotos se dieron cita el s\u00e1bado, para inaugurar esta Liga Norte 2018.&nbsp;<\/p>\n<p>Hab\u00eda muchas ganas de empezar el a\u00f1o, y la previsi\u00f3n era de lo m\u00e1s golosita (al menos para el s\u00e1bado).<\/p>\n<p>&nbsp;<\/p>\n<p>Antes que nada, decir que, al fin, los pilotos van encarrilando el tema de las inscripciones y descargas de balizas. Y lo hacen todo desde su casita. Lo cual significa que las inscripciones \u00abin situ\u00bb son mucho m\u00e1s r\u00e1pidas y eficientes.<\/p>\n<p>De hecho, el s\u00e1bado, antes de las 11, ya estaba (casi) todo listo.<\/p>\n<p>&nbsp;<\/p>\n<p>Pues nada, viendo la m\u00e9teo, que, la verdad, parec\u00eda optimista en exceso, se puso una bonita prueba para inciar el a\u00f1o.<\/p>\n<p>86 km de nada. Con recorrido tradicional previo en la ladera (para ganar km y esperar a que el d\u00eda mejore), una baliza en Somanes (para que a nadie se le ocurra acercarse al aer\u00f3dromo de Santa Cilia?, y golazo en el camping cercano a Biescas.<\/p>\n<p>Un mang\u00f3n!!!<\/p>\n<div id=\"attachment_2734\" style=\"width: 288px\" class=\"wp-caption alignleft\"><a href=\"http:\/\/alasdeleyre.com\/wp-content\/uploads\/2018\/04\/Panel_2018-04-14-e1523999319202.jpg\"><img loading=\"lazy\" decoding=\"async\" aria-describedby=\"caption-attachment-2734\" class=\"wp-image-2734\" src=\"http:\/\/alasdeleyre.com\/wp-content\/uploads\/2018\/04\/Panel_2018-04-14-e1523999319202.jpg\" alt=\"Manga 3 - Arangoiti, 2018-04-14\" width=\"278\" height=\"257\" srcset=\"https:\/\/alasdeleyre.com\/wp-content\/uploads\/2018\/04\/Panel_2018-04-14-e1523999319202.jpg 798w, https:\/\/alasdeleyre.com\/wp-content\/uploads\/2018\/04\/Panel_2018-04-14-e1523999319202-300x277.jpg 300w, https:\/\/alasdeleyre.com\/wp-content\/uploads\/2018\/04\/Panel_2018-04-14-e1523999319202-768x709.jpg 768w\" sizes=\"auto, (max-width: 278px) 100vw, 278px\" \/><\/a><p id=\"caption-attachment-2734\" class=\"wp-caption-text\">Manga 3 &#8211; Arangoiti, 2018-04-14<\/p><\/div>\n<p><img loading=\"lazy\" decoding=\"async\" class=\"wp-image-2739 alignleft\" src=\"http:\/\/alasdeleyre.com\/wp-content\/uploads\/2018\/04\/m3.jpg\" alt=\"\" width=\"427\" height=\"178\" srcset=\"https:\/\/alasdeleyre.com\/wp-content\/uploads\/2018\/04\/m3.jpg 1466w, https:\/\/alasdeleyre.com\/wp-content\/uploads\/2018\/04\/m3-300x125.jpg 300w, https:\/\/alasdeleyre.com\/wp-content\/uploads\/2018\/04\/m3-768x321.jpg 768w, https:\/\/alasdeleyre.com\/wp-content\/uploads\/2018\/04\/m3-1024x427.jpg 1024w\" sizes=\"auto, (max-width: 427px) 100vw, 427px\" \/><\/p>\n<p>La salida estaba algo movidilla, al igual que el vuelo, en los primeros minutos. Buenas condiciones t\u00e9rmicas,, con alg\u00fan que otro canicazo. Y un cielo&nbsp; precioso poblado de nubes.<\/p>\n<p>&nbsp;<\/p>\n<p>&nbsp;<\/p>\n<p>&nbsp;<\/p>\n<p>&nbsp;<\/p>\n<p>&nbsp;<\/p>\n<p>&nbsp;<\/p>\n<p><a href=\"http:\/\/alasdeleyre.com\/?attachment_id=2736\"><img loading=\"lazy\" decoding=\"async\" class=\"wp-image-2736 alignleft\" src=\"http:\/\/alasdeleyre.com\/wp-content\/uploads\/2018\/04\/30716048_2182481001986895_8432596926196613120_o.jpg\" alt=\"\" width=\"400\" height=\"300\" srcset=\"https:\/\/alasdeleyre.com\/wp-content\/uploads\/2018\/04\/30716048_2182481001986895_8432596926196613120_o.jpg 1000w, https:\/\/alasdeleyre.com\/wp-content\/uploads\/2018\/04\/30716048_2182481001986895_8432596926196613120_o-300x225.jpg 300w, https:\/\/alasdeleyre.com\/wp-content\/uploads\/2018\/04\/30716048_2182481001986895_8432596926196613120_o-768x576.jpg 768w\" sizes=\"auto, (max-width: 400px) 100vw, 400px\" \/><\/a> <a href=\"http:\/\/alasdeleyre.com\/wp-content\/uploads\/2018\/04\/30714025_2182481085320220_4218000163500720128_o.jpg\"><img loading=\"lazy\" decoding=\"async\" class=\"wp-image-2737 alignleft\" src=\"http:\/\/alasdeleyre.com\/wp-content\/uploads\/2018\/04\/30714025_2182481085320220_4218000163500720128_o.jpg\" alt=\"\" width=\"400\" height=\"300\" srcset=\"https:\/\/alasdeleyre.com\/wp-content\/uploads\/2018\/04\/30714025_2182481085320220_4218000163500720128_o.jpg 1000w, https:\/\/alasdeleyre.com\/wp-content\/uploads\/2018\/04\/30714025_2182481085320220_4218000163500720128_o-300x225.jpg 300w, https:\/\/alasdeleyre.com\/wp-content\/uploads\/2018\/04\/30714025_2182481085320220_4218000163500720128_o-768x576.jpg 768w\" sizes=\"auto, (max-width: 400px) 100vw, 400px\" \/><\/a><\/p>\n<p>&nbsp;<\/p>\n<p>&nbsp;<\/p>\n<p>&nbsp;<\/p>\n<p>&nbsp;<\/p>\n<p>&nbsp;<\/p>\n<p>&nbsp;<\/p>\n<p>&nbsp;<\/p>\n<p>&nbsp;<\/p>\n<p>&nbsp;<\/p>\n<p>Los primeros, a mil por hora, sin girar nada de nadsa (lo justo para hacer las balizas y darse la vuelta. Y es que, la ladera y las nubes lo permit\u00edan. Condiciones gloriosas.<\/p>\n<p>Sin embargo, al SE de la sierra, hab\u00eda un chaparr\u00f3n amenazante, aunque muy localizado, que a alguno le puso nerviosillo.<\/p>\n<p>Todo perfecto hasta legar a Orba. Los primeros siguieron a lo suyo, como si nada, buscando las nubes al norte. Peeerooooo, resulta que el cielo se nos nubl\u00f3, y tap\u00f3 el sol por completo. Dejando el d\u00eda en practicamente nada. Y as\u00ed, algunos de los primeros fueron cayendo.<\/p>\n<p>&nbsp;<a href=\"http:\/\/alasdeleyre.com\/wp-content\/uploads\/2018\/04\/30727246_2182481248653537_6135138629447581696_o.jpg\"><img loading=\"lazy\" decoding=\"async\" class=\"wp-image-2741 alignnone\" src=\"http:\/\/alasdeleyre.com\/wp-content\/uploads\/2018\/04\/30727246_2182481248653537_6135138629447581696_o.jpg\" alt=\"\" width=\"435\" height=\"326\" srcset=\"https:\/\/alasdeleyre.com\/wp-content\/uploads\/2018\/04\/30727246_2182481248653537_6135138629447581696_o.jpg 1000w, https:\/\/alasdeleyre.com\/wp-content\/uploads\/2018\/04\/30727246_2182481248653537_6135138629447581696_o-300x225.jpg 300w, https:\/\/alasdeleyre.com\/wp-content\/uploads\/2018\/04\/30727246_2182481248653537_6135138629447581696_o-768x576.jpg 768w\" sizes=\"auto, (max-width: 435px) 100vw, 435px\" \/><\/a><\/p>\n<p>&nbsp;<\/p>\n<p>Por detr\u00e1s tampoco mejoraba mucho la cosa. Si bien, m\u00e1s d ela mitad de los pilotos pudieron hacer la mitad de la prueba, que ya es (m\u00e1s de 40 km). Huo una especie de concentraci\u00f3n en el bar de Berd\u00fan.<\/p>\n<p>El primero en la manga, Jose Ram\u00f3n S\u00e1iz, pero un fallo con su gps le priv\u00f3 de la victoria, quedando primero Jose Manuel Sorl\u00ed, a unos 23 km de gol. Por detr\u00e1s de \u00e9l, \u00d3scar Fern\u00e1ndez, Juan Maiza, Fernando Sarralde e \u00cd\u00f1igo Red\u00edn, todos junticos, a unos 8 km del primero.<\/p>\n<p>&nbsp;<\/p>\n<p>Al final, a pesar de no haber logrado el gol, mucha gente contenta, en un bonito d\u00eda.<\/p>\n<p>&nbsp;<\/p>\n<p>Par el domingo, la previsi\u00f3n no era de lo mejor. de hecho, la mitad de los pilotos se fueron.<\/p>\n<p>Pero est\u00e1bamos ah\u00ed, y hab\u00eda que intentarlo, \u00bfno?<\/p>\n<p>As\u00ed que se puso una manga por la ladera norte, tir\u00e1ndonos luego al SE, al gol de Navard\u00fan. No era una prueba larga. 37 km. Pero cre\u00edmos que era lo mejor que se pod\u00eda hacer ese d\u00eda, ya que hab\u00eda previsi\u00f3n de entrada de vientos de NW fuertecillos (m\u00e1s a\u00fan en altura), y, por la tarde, hasta algo de agua.<\/p>\n<p>&nbsp;<\/p>\n<p>Bueno, la cosa en el despegue (esta vez, subimos a las antenas) estaba paradilla. Muy poco viento, a veces de atr\u00e1s (hubo que cerrar la ventana varias veces).<\/p>\n<p>La prueba, una idea y vuelta por la ladera: Despegue-Ermita de lumbier, Us\u00fan (un poco al norte del despegue), baliza en Lumbier, y gol en Navard\u00fan (20 km desde la \u00faltima baliza).<\/p>\n<p>&nbsp;<\/p>\n<div id=\"attachment_2735\" style=\"width: 294px\" class=\"wp-caption alignleft\"><a href=\"http:\/\/alasdeleyre.com\/wp-content\/uploads\/2018\/04\/Panel_2018-04-15.jpg\"><img loading=\"lazy\" decoding=\"async\" aria-describedby=\"caption-attachment-2735\" class=\"wp-image-2735\" src=\"http:\/\/alasdeleyre.com\/wp-content\/uploads\/2018\/04\/Panel_2018-04-15.jpg\" alt=\"Manga 4 - Arangoiti, 2018-04-15\" width=\"284\" height=\"379\" srcset=\"https:\/\/alasdeleyre.com\/wp-content\/uploads\/2018\/04\/Panel_2018-04-15.jpg 1200w, https:\/\/alasdeleyre.com\/wp-content\/uploads\/2018\/04\/Panel_2018-04-15-225x300.jpg 225w, https:\/\/alasdeleyre.com\/wp-content\/uploads\/2018\/04\/Panel_2018-04-15-768x1024.jpg 768w\" sizes=\"auto, (max-width: 284px) 100vw, 284px\" \/><\/a><p id=\"caption-attachment-2735\" class=\"wp-caption-text\">Manga 4 &#8211; Arangoiti, 2018-04-15<\/p><\/div>\n<p><img loading=\"lazy\" decoding=\"async\" class=\"wp-image-2738 alignleft\" src=\"http:\/\/alasdeleyre.com\/wp-content\/uploads\/2018\/04\/m4.jpg\" alt=\"\" width=\"445\" height=\"345\" srcset=\"https:\/\/alasdeleyre.com\/wp-content\/uploads\/2018\/04\/m4.jpg 1180w, https:\/\/alasdeleyre.com\/wp-content\/uploads\/2018\/04\/m4-300x232.jpg 300w, https:\/\/alasdeleyre.com\/wp-content\/uploads\/2018\/04\/m4-768x595.jpg 768w, https:\/\/alasdeleyre.com\/wp-content\/uploads\/2018\/04\/m4-1024x793.jpg 1024w\" sizes=\"auto, (max-width: 445px) 100vw, 445px\" \/><\/p>\n<p>&nbsp;<\/p>\n<p>&nbsp;<\/p>\n<p>&nbsp;<\/p>\n<p>&nbsp;<\/p>\n<p>&nbsp;<\/p>\n<p>&nbsp;<\/p>\n<p>&nbsp;<\/p>\n<p>&nbsp;<\/p>\n<p>&nbsp;<\/p>\n<p>&nbsp;<\/p>\n<p>&nbsp;<\/p>\n<p>&nbsp;<\/p>\n<p>Rodolfo fue el primer valiente en despegar, con atentos ojos de unos cuantos buitres (y me refiero a los que no tienen alas). Tras un ratillo de vuelo bajo, remont\u00f3 hasta la nube, y ay se fue animando el despegue.<\/p>\n<p>Tras un par de retrasos en el cierre de la ventana, los pilotos despegamos.<\/p>\n<p>Si pillabas un buen ciclo, sal\u00edas hacia arriba, pero muchos se hundieron nada m\u00e1s despegar.<\/p>\n<p>Otro pilotos prefirieron pasarse a la cara sur, a pesar de haber despegado de norte. Y es que, el escaso viento que hab\u00eda, era de Oeste, pero entraba desde la cara sur.<\/p>\n<p>&nbsp;<\/p>\n<p>Mucho pinchado este d\u00eda, pero Rodolfo fue capaz de hacer la ladera completa, y tirarse acia el gol. Qued\u00e1ndose a escasos 4 km del gol. S\u00f3lo un piloto m\u00e1s conseguir\u00eda hacer las balizas de la ladera, Xabi. Que se tir\u00f3 al gol, pero pinch\u00f3 pronto, qued\u00e1ndose a 10 km de Rodolfo. Tercero, cerca de lumbier, \u00cd\u00f1igo, con s\u00f3lo 16 km de prueba realizados.<\/p>\n<p>&nbsp;<\/p>\n<p>Las normas \u00ablight\u00bb (intencionadamente) de la Liga Norte dan por v\u00f1alida la manga, al haber completado 5 pilotos los 15 km. Y, adem\u00e1s, vale 1000 puntos (todas las mangas valen 1000 puntos, si 5 personas hacen 15 km). As\u00ed que las puntuaciones dejaron grandes diferencias. Rodolfo es un experto demostrado en este tipo de pruebas flojas (recordemos la Liga Norte ganada en O\u00f1a).<\/p>\n<p>&nbsp;<\/p>\n<p>En fin, 2 mangas v\u00e1lidas para empezar el a\u00f1o. Teniendo ya mismo encima la siguiente prueba.<\/p>\n<p>&nbsp;<\/p>\n<p>Aqu\u00ed pod\u00e9is ver las <a href=\"http:\/\/alasdeleyre.com\/?page_id=42\" target=\"_blank\" rel=\"noopener\">clasificaciones<\/a> (provisionales de momento).<\/p>\n<p>Rodolfo es el l\u00edder destacado de la Liga Norte 2018.<\/p>\n<p><a href=\"http:\/\/www.alasdeleyre.com\/viejo\/Clasificaciones\/Nacionales\/Liga_norte\/2018\/LIGA_NORTE_2018_M3_ARANGOITI.pdf\" target=\"_blank\" rel=\"noopener\">Manga 3 &#8211; 14-04-18<\/a><br \/>\n<a href=\"http:\/\/www.alasdeleyre.com\/viejo\/Clasificaciones\/Nacionales\/Liga_norte\/2018\/LIGA_NORTE_2018_M4_ARANGOITI.pdf\" target=\"_blank\" rel=\"noopener\">Manga 4 &#8211; 15-04-18<\/a><\/p>\n<p><a href=\"http:\/\/www.alasdeleyre.com\/viejo\/Clasificaciones\/Nacionales\/Liga_norte\/2018\/LIGA_NORTE_2018_GENERAL.pdf\" target=\"_blank\" rel=\"noopener\">General<\/a><\/p>\n<p>&nbsp;<\/p>\n<p>En este enlace pod\u00e9is ver la repetici\u00f3n de la prueba en diferentes formatos (actualmente falla algo), as\u00ed como los tracks de todos los pilotos.<\/p>\n<p><a href=\"https:\/\/www.livetrack24.com\/tasks\/4034\"><img loading=\"lazy\" decoding=\"async\" class=\"size-full wp-image-2744 alignleft\" src=\"http:\/\/alasdeleyre.com\/wp-content\/uploads\/2018\/04\/lt24_m3.jpg\" alt=\"\" width=\"408\" height=\"221\" srcset=\"https:\/\/alasdeleyre.com\/wp-content\/uploads\/2018\/04\/lt24_m3.jpg 408w, https:\/\/alasdeleyre.com\/wp-content\/uploads\/2018\/04\/lt24_m3-300x163.jpg 300w\" sizes=\"auto, (max-width: 408px) 100vw, 408px\" \/><\/a><a href=\"https:\/\/www.livetrack24.com\/tasks\/4038\"><img loading=\"lazy\" decoding=\"async\" class=\"size-full wp-image-2745 alignright\" src=\"http:\/\/alasdeleyre.com\/wp-content\/uploads\/2018\/04\/lt24_m4.jpg\" alt=\"\" width=\"406\" height=\"210\" srcset=\"https:\/\/alasdeleyre.com\/wp-content\/uploads\/2018\/04\/lt24_m4.jpg 406w, https:\/\/alasdeleyre.com\/wp-content\/uploads\/2018\/04\/lt24_m4-300x155.jpg 300w\" sizes=\"auto, (max-width: 406px) 100vw, 406px\" \/><\/a><\/p>\n<p>&nbsp;<\/p>\n<p>&nbsp;<\/p>\n<p>&nbsp;<\/p>\n<p>&nbsp;<\/p>\n<p>&nbsp;<\/p>\n<p>&nbsp;<\/p>\n<p>&nbsp;<\/p>\n<p>Tenemos la cr\u00f3nica ultralight de Jose Manuel, ganador de la manga del s\u00e1bado:<\/p>\n<blockquote><p><em>\u00abUna corta cr\u00f3nica del sabado en Arangoiti. El d\u00eda empez\u00f3 muy bueno, pudiendo volar muy r\u00e1pido por la ladera, mi altura maxima alcanzada fueron 2000 m aprox. y el viento de suroeste era flojo. Se veian cortinas de lluvia cerca de Berd\u00fam, y luego por Jaca. Las nubes crecieron hasta quedar todo en sombra, con lo cual no se consigui\u00f3 completar la manga, terminando el vuelo cerca de Santa Cilia.\u00bb<\/em><\/p><\/blockquote>\n<p>Joserra tambi\u00e9n nos env\u00eda <a href=\"http:\/\/alasdeleyre.com\/?p=2780\" target=\"_blank\" rel=\"noopener\">su visi\u00f3n de la carrera<\/a>.<\/p>\n<p>&nbsp;<\/p>\n<p>Y, del domingo, tenemos raci\u00f3n de <a href=\"http:\/\/alasdeleyre.com\/?p=2785\" target=\"_blank\" rel=\"noopener\">Rodolfo<\/a>, ganador de la manga.<\/p>\n<p>&nbsp;<\/p>\n<p>&nbsp;<\/p>\n<p>Y, \u00a1c\u00f3mo no!, multitud (esperamos que crezca m\u00e1s) de fotos y v\u00eddeos:<\/p>\n<p>V\u00eddeo de <strong>Deme<\/strong>:<\/p>\n<p><iframe loading=\"lazy\" title=\"ARANGO MANGA 3 2018\" width=\"500\" height=\"281\" src=\"https:\/\/www.youtube.com\/embed\/K54nyyS01ds?feature=oembed\" frameborder=\"0\" allow=\"accelerometer; autoplay; clipboard-write; encrypted-media; gyroscope; picture-in-picture; web-share\" referrerpolicy=\"strict-origin-when-cross-origin\" allowfullscreen><\/iframe><\/p>\n<p>&nbsp;<\/p>\n<p>Fotos de <strong>Aitor<\/strong>:<\/p>\n<div class=\"fb-post\" data-href=\"https:\/\/www.facebook.com\/permalink.php?story_fbid=2182481598653502&#038;id=100006750495153\" data-width=\"552\" style=\"background-color: #fff; display: inline-block;\"><\/div>\n<p>&nbsp;<\/p>\n<p>Fotos <strong>Robert<\/strong>:<\/p>\n<div class=\"fb-post\" data-href=\"https:\/\/www.facebook.com\/robert.jimenezblanco\/posts\/1930492936982006\" data-width=\"552\" style=\"background-color: #fff; display: inline-block;\"><\/div>\n<p>&nbsp;<\/p>\n<p>Fotos <strong>Javier<\/strong>:<\/p>\n<p>https:\/\/www.facebook.com\/groups\/LigaNorteParapente\/permalink\/1799950750100720\/<\/p>\n<p>&nbsp;<\/p>\n<p>V\u00eddeos varios <strong>Josean<\/strong>:<\/p>\n<p><strong>S\u00e1bado:<br \/>\n<\/strong><\/p>\n<p>Briefing:<\/p>\n<div class=\"fb-video\" data-allowfullscreen=\"true\" data-href=\"https:\/\/www.facebook.com\/joxean.99\/videos\/10156407317193885\/\" style=\"background-color: #fff; display: inline-block;\"><\/div>\n<p>Despegues<\/p>\n<div class=\"fb-video\" data-allowfullscreen=\"true\" data-href=\"https:\/\/www.facebook.com\/joxean.99\/videos\/10156407356488885\/\" style=\"background-color: #fff; display: inline-block;\"><\/div>\n<div class=\"fb-video\" data-allowfullscreen=\"true\" data-href=\"https:\/\/www.facebook.com\/joxean.99\/videos\/10156407382513885\/\" style=\"background-color: #fff; display: inline-block;\"><\/div>\n<div class=\"fb-video\" data-allowfullscreen=\"true\" data-href=\"https:\/\/www.facebook.com\/joxean.99\/videos\/10156407397158885\/\" style=\"background-color: #fff; display: inline-block;\"><\/div>\n<p>&nbsp;<\/p>\n<p><strong>Domingo:<\/strong><\/p>\n<p>&nbsp;<\/p>\n<p>Despegue Rodolfo<\/p>\n<div class=\"fb-video\" data-allowfullscreen=\"true\" data-href=\"https:\/\/www.facebook.com\/joxean.99\/videos\/10156409792403885\/\" style=\"background-color: #fff; display: inline-block;\"><\/div>\n<p>Despegue \u00d3scar y \u00abJose Manuel\u00bb<\/p>\n<div class=\"fb-video\" data-allowfullscreen=\"true\" data-href=\"https:\/\/www.facebook.com\/joxean.99\/videos\/10156409812293885\/\" style=\"background-color: #fff; display: inline-block;\"><\/div>\n<p>En el despegue:<\/p>\n<div class=\"fb-video\" data-allowfullscreen=\"true\" data-href=\"https:\/\/www.facebook.com\/joxean.99\/videos\/10156409804273885\/\" style=\"background-color: #fff; display: inline-block;\"><\/div>\n<div class=\"fb-video\" data-allowfullscreen=\"true\" data-href=\"https:\/\/www.facebook.com\/joxean.99\/videos\/10156409766313885\/\" style=\"background-color: #fff; display: inline-block;\"><\/div>\n<p>Briefing:<\/p>\n<div class=\"fb-video\" data-allowfullscreen=\"true\" data-href=\"https:\/\/www.facebook.com\/joxean.99\/videos\/10156409736958885\/\" style=\"background-color: #fff; display: inline-block;\"><\/div>\n<p>&nbsp;<\/p>\n<p>V\u00eddeos y fotos <strong>Rakel<\/strong>:<\/p>\n<p>https:\/\/www.facebook.com\/groups\/LigaNorteParapente\/permalink\/1800146486747813\/<\/p>\n<div class=\"fb-video\" data-allowfullscreen=\"true\" data-href=\"https:\/\/www.facebook.com\/rakel.albeniz\/videos\/2286860871327862\/\" style=\"background-color: #fff; display: inline-block;\"><\/div>\n<p>&nbsp;<\/p>\n<p><strong>I\u00f1igo G.<\/strong><\/p>\n<div class=\"fb-post\" data-href=\"https:\/\/www.facebook.com\/inigo.gabiria\/posts\/982112915298965\" data-width=\"552\" style=\"background-color: #fff; display: inline-block;\"><\/div>\n<p>&nbsp;<\/p>\n<p><strong>Robert<br \/>\n<\/strong><\/p>\n<div class=\"fb-video\" data-allowfullscreen=\"true\" data-href=\"https:\/\/www.facebook.com\/robert.jimenezblanco\/videos\/1932280980136535\/\" style=\"background-color: #fff; display: inline-block;\"><\/div>\n<div class=\"fb-video\" data-allowfullscreen=\"true\" data-href=\"https:\/\/www.facebook.com\/robert.jimenezblanco\/videos\/1932282473469719\/\" style=\"background-color: #fff; display: inline-block;\"><\/div>\n<p>&nbsp;<\/p>\n","protected":false},"excerpt":{"rendered":"<p>Por fin, tras 40 d\u00edas y 40 noches, ha salido el sol. Y ah\u00ed est\u00e1bamos nosotros, esperando ese momento, al acecho. 60 pilotos se dieron cita el s\u00e1bado, para inaugurar esta Liga Norte 2018.&nbsp; Hab\u00eda muchas ganas de empezar el a\u00f1o, y la previsi\u00f3n era de lo m\u00e1s golosita (al menos para el s\u00e1bado). &nbsp; [&hellip;]<\/p>\n","protected":false},"author":1,"featured_media":0,"comment_status":"open","ping_status":"closed","sticky":false,"template":"","format":"standard","meta":{"ngg_post_thumbnail":0,"jetpack_post_was_ever_published":false,"_jetpack_newsletter_access":"","_jetpack_dont_email_post_to_subs":false,"_jetpack_newsletter_tier_id":0,"_jetpack_memberships_contains_paywalled_content":false,"_jetpack_memberships_contains_paid_content":false,"footnotes":""},"categories":[19,3],"tags":[],"class_list":["post-2729","post","type-post","status-publish","format-standard","hentry","category-cronicas","category-liga-norte"],"jetpack_featured_media_url":"","jetpack_sharing_enabled":true,"_links":{"self":[{"href":"https:\/\/alasdeleyre.com\/index.php?rest_route=\/wp\/v2\/posts\/2729","targetHints":{"allow":["GET"]}}],"collection":[{"href":"https:\/\/alasdeleyre.com\/index.php?rest_route=\/wp\/v2\/posts"}],"about":[{"href":"https:\/\/alasdeleyre.com\/index.php?rest_route=\/wp\/v2\/types\/post"}],"author":[{"embeddable":true,"href":"https:\/\/alasdeleyre.com\/index.php?rest_route=\/wp\/v2\/users\/1"}],"replies":[{"embeddable":true,"href":"https:\/\/alasdeleyre.com\/index.php?rest_route=%2Fwp%2Fv2%2Fcomments&post=2729"}],"version-history":[{"count":14,"href":"https:\/\/alasdeleyre.com\/index.php?rest_route=\/wp\/v2\/posts\/2729\/revisions"}],"predecessor-version":[{"id":2792,"href":"https:\/\/alasdeleyre.com\/index.php?rest_route=\/wp\/v2\/posts\/2729\/revisions\/2792"}],"wp:attachment":[{"href":"https:\/\/alasdeleyre.com\/index.php?rest_route=%2Fwp%2Fv2%2Fmedia&parent=2729"}],"wp:term":[{"taxonomy":"category","embeddable":true,"href":"https:\/\/alasdeleyre.com\/index.php?rest_route=%2Fwp%2Fv2%2Fcategories&post=2729"},{"taxonomy":"post_tag","embeddable":true,"href":"https:\/\/alasdeleyre.com\/index.php?rest_route=%2Fwp%2Fv2%2Ftags&post=2729"}],"curies":[{"name":"wp","href":"https:\/\/api.w.org\/{rel}","templated":true}]}}