{"id":2845,"date":"2018-05-10T00:27:33","date_gmt":"2018-05-09T22:27:33","guid":{"rendered":"http:\/\/alasdeleyre.com\/?p=2845"},"modified":"2018-11-25T13:20:26","modified_gmt":"2018-11-25T12:20:26","slug":"liga-norte-2018-56-mayo-la-cronica","status":"publish","type":"post","link":"https:\/\/alasdeleyre.com\/?p=2845","title":{"rendered":"LIGA NORTE 2018 &#8211; 5,6 mayo &#8211; La cr\u00f3nica"},"content":{"rendered":"<p>&nbsp;<\/p>\n<p><img loading=\"lazy\" decoding=\"async\" class=\"aligncenter wp-image-2822\" src=\"http:\/\/alasdeleyre.com\/wp-content\/uploads\/2018\/05\/31945702_2315594658454483_5835190203827879936_o-1024x605.jpg\" alt=\"\" width=\"662\" height=\"391\" srcset=\"https:\/\/alasdeleyre.com\/wp-content\/uploads\/2018\/05\/31945702_2315594658454483_5835190203827879936_o-1024x605.jpg 1024w, https:\/\/alasdeleyre.com\/wp-content\/uploads\/2018\/05\/31945702_2315594658454483_5835190203827879936_o-300x177.jpg 300w, https:\/\/alasdeleyre.com\/wp-content\/uploads\/2018\/05\/31945702_2315594658454483_5835190203827879936_o-768x453.jpg 768w, https:\/\/alasdeleyre.com\/wp-content\/uploads\/2018\/05\/31945702_2315594658454483_5835190203827879936_o.jpg 2048w\" sizes=\"auto, (max-width: 662px) 100vw, 662px\" \/><\/p>\n<p>Y, una vez m\u00e1s, Ribafrecha acudi\u00f3 al rescate. Y van ya&#8230;.<\/p>\n<p>&nbsp;<\/p>\n<p>Ya tenemos 4 mangas, y estamos a primeros de mayo. Tampoco pinta mal la cosa, \u00bfno?. aunque, mejor me callo, que basta que diga esto, para que no veamos el sol el resto del a\u00f1o.<\/p>\n<p>Este finde, con previsi\u00f3n dudosilla el s\u00e1bado (1-0 para XCSkies frente a meteo-parapente), nada menos que 49 pilotos nos dimos cita en Ribafrecha. As\u00ed da gusto!, organizar una compe, con d\u00eda peliagudo, y que, a pesar de todo, tengamos semejante asistencia, \u00a1es una gozada! (aunque nos de m\u00e1s curro a la organizaci\u00f3n).<\/p>\n<p>Bueno, el caso es que la previsi\u00f3n era de nubes por todo, techo muy bajos (seg\u00fan un modelo,, pero seg\u00fan el otro, unos 1700 en la ladera, y 1400 en el valle) y viento de NW de unos 15 km\/h.<\/p>\n<p><a href=\"http:\/\/alasdeleyre.com\/wp-content\/uploads\/2018\/05\/Panel-sabado.jpg\"><img loading=\"lazy\" decoding=\"async\" class=\"alignleft wp-image-2825\" src=\"http:\/\/alasdeleyre.com\/wp-content\/uploads\/2018\/05\/Panel-sabado-576x1024.jpg\" alt=\"\" width=\"258\" height=\"459\" srcset=\"https:\/\/alasdeleyre.com\/wp-content\/uploads\/2018\/05\/Panel-sabado-576x1024.jpg 576w, https:\/\/alasdeleyre.com\/wp-content\/uploads\/2018\/05\/Panel-sabado-169x300.jpg 169w, https:\/\/alasdeleyre.com\/wp-content\/uploads\/2018\/05\/Panel-sabado-768x1365.jpg 768w, https:\/\/alasdeleyre.com\/wp-content\/uploads\/2018\/05\/Panel-sabado.jpg 1152w\" sizes=\"auto, (max-width: 258px) 100vw, 258px\" \/><\/a><\/p>\n<p>La manga que se puso era una de esas \u00abMickey Mouse\u00bb. Por \u00e9so mismo, porque vimos que la previsi\u00f3n no era buena, y m\u00e1s val\u00eda asegurar. Si el d\u00eda al final era bueno, no pasa nada, que lleguen muchos a gol. Y si es malo, pues lo mismo,, se habr\u00e1 intentado.<\/p>\n<p>&nbsp;<\/p>\n<p>Pero, es que, la ladera estaba mundial. Ya desde muy pronto se cog\u00eda muy buen techo. Incluso creemos que hubiera sido mejor hacer la manga una horita antes. Pero, bueno, en Ribafrecha estamos a costumbrados a volar tarde, por aqu\u00e9llo de que es ladera norte, y seguimos teniendo ese deje.<\/p>\n<p>&nbsp;<\/p>\n<p>La prueba, pues, para qu\u00e9 nos vamos a enga\u00f1ar!, la t\u00edpica de la zona. Un recorrido tur\u00edstico por la zona del despegue, en plan, sal, entra, vuelve a salir, y vuelve a entrar&#8230; Y luego gol en Tudelilla, a 19 km de la \u00faltima baliza. 35 km en total.<\/p>\n<p>&nbsp;<\/p>\n<p><a href=\"http:\/\/alasdeleyre.com\/wp-content\/uploads\/2018\/05\/m7.jpg\"><img loading=\"lazy\" decoding=\"async\" class=\"wp-image-2827 alignright\" src=\"http:\/\/alasdeleyre.com\/wp-content\/uploads\/2018\/05\/m7-1024x468.jpg\" alt=\"\" width=\"582\" height=\"266\" srcset=\"https:\/\/alasdeleyre.com\/wp-content\/uploads\/2018\/05\/m7-1024x468.jpg 1024w, https:\/\/alasdeleyre.com\/wp-content\/uploads\/2018\/05\/m7-300x137.jpg 300w, https:\/\/alasdeleyre.com\/wp-content\/uploads\/2018\/05\/m7-768x351.jpg 768w, https:\/\/alasdeleyre.com\/wp-content\/uploads\/2018\/05\/m7.jpg 1915w\" sizes=\"auto, (max-width: 582px) 100vw, 582px\" \/><\/a><\/p>\n<p>&nbsp;<\/p>\n<p>&nbsp;<\/p>\n<p>&nbsp;<\/p>\n<p>&nbsp;<\/p>\n<p>&nbsp;<\/p>\n<p>&nbsp;<\/p>\n<p>&nbsp;<\/p>\n<p>&nbsp;<\/p>\n<p>Los primeros salieron como rayos, a ver si terminaban pronto el tr\u00e1mite de la ladera. Y digo tr\u00e1mite, porque, la verdad es que viendo el rato que pasamos antes del Start Point, parec\u00eda que la prueba iba a ser \u00abgratis total\u00bb. Techos de 1700 en la ladera, con nubes por todo (que tambi\u00e9n tapaban el sol, y provocaban cierto fresquillo).<\/p>\n<p>CAsti y Xabi se tiran como locos a por la segunda baliza, mientras que Rodolfo e \u00cd\u00f1igo se aguantaban un poco, y se volv\u00edan a la ladera a trincar algo m\u00e1s para asgegurar.<\/p>\n<p>A pesar de las recomendaciones en el briefing, de no meterse en la zona muy bajo, la gente est\u00e1 de carreras, y hace caso omiso. A alguno se le vio muy, muy bajo cerca de esa segunda baliza.<\/p>\n<p>Tras librarse del pinchazo, en la baliza del aterrizaje oficial se juntann casti, Xabi, Gari, Rodolfo , Ra\u00fal, Robert e \u00cd\u00f1igo.<\/p>\n<p>Cada uno por su lado ataca lo que queda.<\/p>\n<p>Una vez que toca salir a por el gol, \u00cd\u00f1igo no lo ve claro, y se da la vuelta, el muy cobarde. Los dem\u00e1s, tienen una buena librada en Ventas Blancas, y tiran a por el gol.<\/p>\n<p>\u00cd\u00f1igo ha decidio esperar, y, por tanto, se queda solo. Coge otra ruta, m\u00e1s al sur que el resto. Parece que el viento no es tan de NW, y es m\u00e1s bien oeste.<\/p>\n<p>Le sali\u00f3 bien, porque lleg\u00f3 a gol en primera posici\u00f3n, con 1:23 de tiempo.<\/p>\n<p>A los 23 minutos llega Takolo, y luego, a la hora, V\u00edctor Etxegoien.<\/p>\n<p>&nbsp;<\/p>\n<p>Y, con estos 3, se cerrar\u00eda el gol.<\/p>\n<p>&nbsp;<\/p>\n<p>Al final, una manga bonita, con un d\u00eda mejor de lo esperado. La gente, en general, muy contenta.<\/p>\n<p><a href=\"http:\/\/alasdeleyre.com\/wp-content\/uploads\/2018\/05\/panel_domingo.jpg\"><img loading=\"lazy\" decoding=\"async\" class=\"aligncenter wp-image-2835\" src=\"http:\/\/alasdeleyre.com\/wp-content\/uploads\/2018\/05\/panel_domingo-1024x683.jpg\" alt=\"\" width=\"426\" height=\"284\" srcset=\"https:\/\/alasdeleyre.com\/wp-content\/uploads\/2018\/05\/panel_domingo-1024x683.jpg 1024w, https:\/\/alasdeleyre.com\/wp-content\/uploads\/2018\/05\/panel_domingo-300x200.jpg 300w, https:\/\/alasdeleyre.com\/wp-content\/uploads\/2018\/05\/panel_domingo-768x512.jpg 768w, https:\/\/alasdeleyre.com\/wp-content\/uploads\/2018\/05\/panel_domingo.jpg 2048w\" sizes=\"auto, (max-width: 426px) 100vw, 426px\" \/><\/a><\/p>\n<p>&nbsp;<\/p>\n<p>Y vamos al domingo, que, al igual que en 2017, nos vamos a Arangoiti, que toca sur.<\/p>\n<p>Las previsiones bastante buenas: techos interesantes de m\u00e1s de 2000. Incluso de 2700 dec\u00eda XCSkies. Con viento flojo, con tendencia a norte. O era sur?, no se, no estamos seguros.<\/p>\n<p>\u00c9so es lo que ocurri\u00f3. Por suerte, o, en ocasiones, por desgracia, tenemos ambas orientaciones en Arangoiti. Y fuimos todos a la ladera sur, al despegue habitual. Pero es que entraba una bonita brisa de norte.<\/p>\n<p>Sabemos que suele ganar la brisa del sur casi siempre. Pero algo (o alguien) nos hizo dudar. Total, que cogimos los b\u00e1rtulos, y nos fuimos a la ladera norte.<\/p>\n<p>&nbsp;<\/p>\n<p>Tras un buen rato de deliberaciones (incluyendo una reuni\u00f3n para \u00abinformar de que no hab\u00eda nada de lo que informar\u00bb, se puso una manga (diferente a la puesta antes en la ladera sur).<\/p>\n<p><a href=\"http:\/\/alasdeleyre.com\/wp-content\/uploads\/2018\/05\/m8.jpg\"><img loading=\"lazy\" decoding=\"async\" class=\"wp-image-2826 alignleft\" src=\"http:\/\/alasdeleyre.com\/wp-content\/uploads\/2018\/05\/m8-1024x771.jpg\" alt=\"\" width=\"297\" height=\"224\" srcset=\"https:\/\/alasdeleyre.com\/wp-content\/uploads\/2018\/05\/m8-1024x771.jpg 1024w, https:\/\/alasdeleyre.com\/wp-content\/uploads\/2018\/05\/m8-300x226.jpg 300w, https:\/\/alasdeleyre.com\/wp-content\/uploads\/2018\/05\/m8-768x578.jpg 768w, https:\/\/alasdeleyre.com\/wp-content\/uploads\/2018\/05\/m8.jpg 1334w\" sizes=\"auto, (max-width: 297px) 100vw, 297px\" \/><\/a><\/p>\n<p>Manga in\u00e9dita en la Liga Norte, as\u00ed que hab\u00eda ganas de probar algo nuevo.<\/p>\n<p>La verdad es que se puso pensando en la entrada de viento flojo de NW. Pero, no lleg\u00f3, y, a cambio, tuvimos viento de sur o de oeste seg\u00fan zonas.<\/p>\n<p>En neste caso, la organizaci\u00f3n pinch\u00f3 un poco, ya que depsegamos de norte, cuando en las antenas hab\u00eda unos claros 10-15 km\/h de sur.<\/p>\n<p>Los pilotos de ala delta que estaban all\u00ed, sin duda estar\u00edan alucinados con los parapentillos despegando en el sotavento.<\/p>\n<p>&nbsp;<\/p>\n<p>La ladera estaba movidilla. No s\u00f3lo por el despegue a sotavento, tanbi\u00e9n, cuando cog\u00edas algo de altura, la cosa bailaba bastante.<\/p>\n<p>Se hizo una salida m\u00faltiple descafeinada, y a por ello.<\/p>\n<p>Baliza en la ermita, vuelta a las antenas, luego baliza en Navard\u00fan (al sur, en el valle de Sos), para ir otra vez al SW, hacia una baliza con centro en C\u00e1seda y radio de 9,5 km. El gol, en Castilliscar cerraba 44 km de prueba.<\/p>\n<p>Los de siempre (Gari, Xabi, Casti), salieron a por todas. Otros, con el modo \u00absupervivencia\u00bb encendido. Ya que, habitualmente, el valle de atr\u00e1s (el de Sos del Rey Cat\u00f3lico) no suele tirar mucho.<\/p>\n<p>Se produjeron los primeros pinchazos de los que iban m\u00e1s de carreras. Los \u00abtranquilos\u00bb, se lo tomaban con mucha calma, procurando hacer techo.<\/p>\n<p>El viento no ayudaba mucho, la verdad.<\/p>\n<p>Al final, la manga se la lleva Yeray, que tras unos cuantos a\u00f1os sin competir, viene a la Liga Norte con su Boom 10, y nos da un repasito.<\/p>\n<p>Complet\u00f3 el recorrido (gran parte a doble pedal, seg\u00fan dijo) en 2:25, lo cual da una idea de lo complicadillo que estaba.<\/p>\n<p>Tras \u00e9l, remontando desde los infiernos, Ra\u00fal, que lleg\u00f3 a 25 minutos. Y luego, \u00cd\u00f1igo, llegando a 1\/2 hora de Yeray.<\/p>\n<p>S\u00f3lo 3 pilotos m\u00e1s consiguieron cruzar a la cara sur de la Sierra de Pe\u00f1a (la de Sos): Xabi (que estuvo por ah\u00ed mucho, mucho tiempo), F\u00e9lix, y V\u00edctor (que estaba en su territorio, territorio Etxegoien).<\/p>\n<p>Los dem\u00e1s, en su gran mayor\u00eda, se quedaron a las puertas de saltar la sierra.<\/p>\n<p>&nbsp;<\/p>\n<p>&nbsp;<\/p>\n<p>Tras estas 2 mangas, ya sumamos 4 en la liga.<\/p>\n<p>La general se queda encabezada por \u00cd\u00f1igo Red\u00edn (estrenando este a\u00f1o la Delta 3, que todav\u00eda no se lo cree). Tras \u00e9l, Rodolfo, y luego Xabi.<\/p>\n<p>Aqui pod\u00e9is ver las <a href=\"http:\/\/alasdeleyre.com\/?page_id=42#2018\" target=\"_blank\" rel=\"noopener\">clasificaciones<\/a> (en el momento de escribir estas l\u00edneas, provisionales).&nbsp;<\/p>\n<p>Y tambi\u00e9n la repetici\u00f3n del LiveTrack (muy interesante).<\/p>\n<p><a href=\"https:\/\/www.livetrack24.com\/tasks\/4075\"><img loading=\"lazy\" decoding=\"async\" class=\"wp-image-2831 aligncenter\" src=\"http:\/\/alasdeleyre.com\/wp-content\/uploads\/2018\/05\/lt_m7.jpg\" alt=\"\" width=\"350\" height=\"190\" srcset=\"https:\/\/alasdeleyre.com\/wp-content\/uploads\/2018\/05\/lt_m7.jpg 589w, https:\/\/alasdeleyre.com\/wp-content\/uploads\/2018\/05\/lt_m7-300x162.jpg 300w\" sizes=\"auto, (max-width: 350px) 100vw, 350px\" \/><\/a> <a href=\"https:\/\/www.livetrack24.com\/tasks\/4076\"><img loading=\"lazy\" decoding=\"async\" class=\"wp-image-2832 aligncenter\" src=\"http:\/\/alasdeleyre.com\/wp-content\/uploads\/2018\/05\/lt_m8.jpg\" alt=\"\" width=\"349\" height=\"190\" srcset=\"https:\/\/alasdeleyre.com\/wp-content\/uploads\/2018\/05\/lt_m8.jpg 599w, https:\/\/alasdeleyre.com\/wp-content\/uploads\/2018\/05\/lt_m8-300x163.jpg 300w\" sizes=\"auto, (max-width: 349px) 100vw, 349px\" \/><\/a><\/p>\n<p>&nbsp;<\/p>\n<p>Como es ya habitual, tenemos las entrevistas de los 2 ganadores de las mangas:<\/p>\n<p>Entrevista \u00cd\u00f1igo, manga s\u00e1bado, Ribafrecha<\/p>\n<p><iframe loading=\"lazy\" title=\"Liga Norte 2018   5 mayo   Entrevista \u00cd\u00f1igo\" width=\"500\" height=\"281\" src=\"https:\/\/www.youtube.com\/embed\/Q1LP3Uw_c3s?feature=oembed\" frameborder=\"0\" allow=\"accelerometer; autoplay; clipboard-write; encrypted-media; gyroscope; picture-in-picture; web-share\" referrerpolicy=\"strict-origin-when-cross-origin\" allowfullscreen><\/iframe><\/p>\n<p>&nbsp;<\/p>\n<p>Entrevista Yeray, manga domingo, Arangoiti.<\/p>\n<p><iframe loading=\"lazy\" title=\"Liga Norte 2018   6 mayo   Entrevista Yeray\" width=\"500\" height=\"281\" src=\"https:\/\/www.youtube.com\/embed\/vcfshblAIGw?feature=oembed\" frameborder=\"0\" allow=\"accelerometer; autoplay; clipboard-write; encrypted-media; gyroscope; picture-in-picture; web-share\" referrerpolicy=\"strict-origin-when-cross-origin\" allowfullscreen><\/iframe><\/p>\n<p>&nbsp;<\/p>\n<p>Y v\u00eddeos, muchos v\u00eddeos (varios de ellos fueron en directo, as\u00ed que, tendr\u00e1n una calidad dudosilla)<\/p>\n<p>&nbsp;<\/p>\n<p>Briefing s\u00e1bado, Josean<\/p>\n<div class=\"fb-video\" data-allowfullscreen=\"true\" data-href=\"https:\/\/www.facebook.com\/joxean.99\/videos\/10156459210503885\/\" style=\"background-color: #fff; display: inline-block;\"><\/div>\n<p>&nbsp;<\/p>\n<p>Despegues s\u00e1bado, de Josean<\/p>\n<div class=\"fb-video\" data-allowfullscreen=\"true\" data-href=\"https:\/\/www.facebook.com\/joxean.99\/videos\/10156459350353885\/?t=0\" style=\"background-color: #fff; display: inline-block;\"><\/div>\n<div class=\"fb-video\" data-allowfullscreen=\"true\" data-href=\"https:\/\/www.facebook.com\/joxean.99\/videos\/10156459247378885\/?t=0\" style=\"background-color: #fff; display: inline-block;\"><\/div>\n<div class=\"fb-video\" data-allowfullscreen=\"true\" data-href=\"https:\/\/www.facebook.com\/joxean.99\/videos\/10156459257723885\/?t=0\" style=\"background-color: #fff; display: inline-block;\"><\/div>\n<div class=\"fb-video\" data-allowfullscreen=\"true\" data-href=\"https:\/\/www.facebook.com\/joxean.99\/videos\/10156459362588885\/\" style=\"background-color: #fff; display: inline-block;\"><\/div>\n<div class=\"fb-video\" data-allowfullscreen=\"true\" data-href=\"https:\/\/www.facebook.com\/joxean.99\/videos\/10156459240633885\/\" style=\"background-color: #fff; display: inline-block;\"><\/div>\n<p>&nbsp;<\/p>\n<p>Im\u00e1genes despegue desde el dron de Josean, el s\u00e1bado<\/p>\n<div class=\"fb-video\" data-allowfullscreen=\"true\" data-href=\"https:\/\/www.facebook.com\/joxean.99\/videos\/10156465356678885\/?t=0\" style=\"background-color: #fff; display: inline-block;\"><\/div>\n<p>&nbsp;<\/p>\n<p>Takolo llegando a gol, el s\u00e1bado. V\u00eddeo de \u00cd\u00f1igo<\/p>\n<div class=\"fb-video\" data-allowfullscreen=\"true\" data-href=\"https:\/\/www.facebook.com\/erxino\/videos\/10216987153857588\/?t=0\" style=\"background-color: #fff; display: inline-block;\"><\/div>\n<p>&nbsp;<\/p>\n<p>V\u00edctor llegando a gol el s\u00e1bado. V\u00eddeo de \u00cd\u00f1igo<\/p>\n<div class=\"fb-video\" data-allowfullscreen=\"true\" data-href=\"https:\/\/www.facebook.com\/erxino\/videos\/10216987383183321\/?t=0\" style=\"background-color: #fff; display: inline-block;\"><\/div>\n<p>&nbsp;<\/p>\n<p>\u00cd\u00f1igo con su festival del humor.<\/p>\n<div class=\"fb-video\" data-allowfullscreen=\"true\" data-href=\"https:\/\/www.facebook.com\/erxino\/videos\/10216993673940586\/\" style=\"background-color: #fff; display: inline-block;\"><\/div>\n<p>&nbsp;<\/p>\n<p>Y la correspondiente raci\u00f3n de fotos<\/p>\n<p>Fotos Aitor S\u00e1bado<\/p>\n<p><a href=\"https:\/\/www.facebook.com\/groups\/LigaNorteParapente\/permalink\/1826896184072843\/\"><img loading=\"lazy\" decoding=\"async\" class=\"size-full wp-image-2836 alignnone\" src=\"http:\/\/alasdeleyre.com\/wp-content\/uploads\/2018\/05\/Aitor_Sabado_fotos.jpg\" alt=\"\" width=\"503\" height=\"607\" srcset=\"https:\/\/alasdeleyre.com\/wp-content\/uploads\/2018\/05\/Aitor_Sabado_fotos.jpg 503w, https:\/\/alasdeleyre.com\/wp-content\/uploads\/2018\/05\/Aitor_Sabado_fotos-249x300.jpg 249w\" sizes=\"auto, (max-width: 503px) 100vw, 503px\" \/><\/a><\/p>\n<p>&nbsp;<\/p>\n<p>Rakel, S\u00e1bado<\/p>\n<div class=\"fb-post\" data-href=\"https:\/\/www.facebook.com\/rakel.albeniz\/posts\/2315596661787616\" data-width=\"552\" style=\"background-color: #fff; display: inline-block;\"><\/div>\n<p>Despegues del domingo, de Sonia<\/p>\n<div class=\"fb-video\" data-allowfullscreen=\"true\" data-href=\"https:\/\/www.facebook.com\/sonia.alandesgarcia\/videos\/10215869165071431\/\" style=\"background-color: #fff; display: inline-block;\"><\/div>\n<p>&nbsp;<\/p>\n<p>V\u00eddeo despegues domingo, de Rakel<\/p>\n<div class=\"fb-video\" data-allowfullscreen=\"true\" data-href=\"https:\/\/www.facebook.com\/rakel.albeniz\/videos\/2316546048359344\/\" style=\"background-color: #fff; display: inline-block;\"><\/div>\n<p>&nbsp;<\/p>\n<p>Fotos de Rakel, domingo<\/p>\n<p>https:\/\/www.facebook.com\/media\/set\/?set=a.2317868364893779.1073741873.100000119134892&#038;type=3<\/p>\n<p>Aitor, domingo<\/p>\n<p><a href=\"https:\/\/www.facebook.com\/permalink.php?story_fbid=2195596280675367&amp;id=100006750495153\"><img loading=\"lazy\" decoding=\"async\" class=\"wp-image-2837 size-full alignnone\" src=\"http:\/\/alasdeleyre.com\/wp-content\/uploads\/2018\/05\/Aitor_domingo_fotos.jpg\" alt=\"\" width=\"498\" height=\"609\" srcset=\"https:\/\/alasdeleyre.com\/wp-content\/uploads\/2018\/05\/Aitor_domingo_fotos.jpg 498w, https:\/\/alasdeleyre.com\/wp-content\/uploads\/2018\/05\/Aitor_domingo_fotos-245x300.jpg 245w\" sizes=\"auto, (max-width: 498px) 100vw, 498px\" \/><\/a><\/p>\n<p>I\u00f1aki Lazkano<\/p>\n<p><a href=\"https:\/\/www.facebook.com\/groups\/LigaNorteParapente\/permalink\/1826605070768621\/\"><img loading=\"lazy\" decoding=\"async\" class=\"size-full wp-image-2838 alignnone\" src=\"http:\/\/alasdeleyre.com\/wp-content\/uploads\/2018\/05\/Lazkano_domingo_fotos.jpg\" alt=\"\" width=\"505\" height=\"568\" srcset=\"https:\/\/alasdeleyre.com\/wp-content\/uploads\/2018\/05\/Lazkano_domingo_fotos.jpg 505w, https:\/\/alasdeleyre.com\/wp-content\/uploads\/2018\/05\/Lazkano_domingo_fotos-267x300.jpg 267w\" sizes=\"auto, (max-width: 505px) 100vw, 505px\" \/><\/a><\/p>\n<p>&nbsp;<\/p>\n<p>Fotos de Sonia (ambos d\u00edas)<\/p>\n<p><a href=\"https:\/\/www.facebook.com\/groups\/LigaNorteParapente\/permalink\/1825971290831999\/\"><img loading=\"lazy\" decoding=\"async\" class=\"wp-image-2839 size-full alignnone\" src=\"http:\/\/alasdeleyre.com\/wp-content\/uploads\/2018\/05\/Sonia_fotos.jpg\" alt=\"\" width=\"504\" height=\"489\" srcset=\"https:\/\/alasdeleyre.com\/wp-content\/uploads\/2018\/05\/Sonia_fotos.jpg 504w, https:\/\/alasdeleyre.com\/wp-content\/uploads\/2018\/05\/Sonia_fotos-300x291.jpg 300w\" sizes=\"auto, (max-width: 504px) 100vw, 504px\" \/><\/a><\/p>\n<p>Fotos de Deme, domingo<\/p>\n<p><a href=\"https:\/\/www.facebook.com\/groups\/LigaNorteParapente\/permalink\/1825846277511167\/\"><img loading=\"lazy\" decoding=\"async\" class=\"size-full wp-image-2840 alignnone\" src=\"http:\/\/alasdeleyre.com\/wp-content\/uploads\/2018\/05\/Deme_fotos_Domingo.jpg\" alt=\"\" width=\"499\" height=\"567\" srcset=\"https:\/\/alasdeleyre.com\/wp-content\/uploads\/2018\/05\/Deme_fotos_Domingo.jpg 499w, https:\/\/alasdeleyre.com\/wp-content\/uploads\/2018\/05\/Deme_fotos_Domingo-264x300.jpg 264w\" sizes=\"auto, (max-width: 499px) 100vw, 499px\" \/><\/a><\/p>\n<p>&nbsp;<\/p>\n<p>&nbsp;<\/p>\n<p>&nbsp;<\/p>\n<p>Fotos en este art\u00edculo de Rakel, Aitor<\/p>\n","protected":false},"excerpt":{"rendered":"<p>&nbsp; Y, una vez m\u00e1s, Ribafrecha acudi\u00f3 al rescate. Y van ya&#8230;. &nbsp; Ya tenemos 4 mangas, y estamos a primeros de mayo. Tampoco pinta mal la cosa, \u00bfno?. aunque, mejor me callo, que basta que diga esto, para que no veamos el sol el resto del a\u00f1o. Este finde, con previsi\u00f3n dudosilla el s\u00e1bado [&hellip;]<\/p>\n","protected":false},"author":1,"featured_media":0,"comment_status":"open","ping_status":"closed","sticky":false,"template":"","format":"standard","meta":{"ngg_post_thumbnail":0,"jetpack_post_was_ever_published":false,"_jetpack_newsletter_access":"","_jetpack_dont_email_post_to_subs":false,"_jetpack_newsletter_tier_id":0,"_jetpack_memberships_contains_paywalled_content":false,"_jetpack_memberships_contains_paid_content":false,"footnotes":""},"categories":[19,3,13],"tags":[],"class_list":["post-2845","post","type-post","status-publish","format-standard","hentry","category-cronicas","category-liga-norte","category-parapente"],"jetpack_featured_media_url":"","jetpack_sharing_enabled":true,"_links":{"self":[{"href":"https:\/\/alasdeleyre.com\/index.php?rest_route=\/wp\/v2\/posts\/2845","targetHints":{"allow":["GET"]}}],"collection":[{"href":"https:\/\/alasdeleyre.com\/index.php?rest_route=\/wp\/v2\/posts"}],"about":[{"href":"https:\/\/alasdeleyre.com\/index.php?rest_route=\/wp\/v2\/types\/post"}],"author":[{"embeddable":true,"href":"https:\/\/alasdeleyre.com\/index.php?rest_route=\/wp\/v2\/users\/1"}],"replies":[{"embeddable":true,"href":"https:\/\/alasdeleyre.com\/index.php?rest_route=%2Fwp%2Fv2%2Fcomments&post=2845"}],"version-history":[{"count":2,"href":"https:\/\/alasdeleyre.com\/index.php?rest_route=\/wp\/v2\/posts\/2845\/revisions"}],"predecessor-version":[{"id":3105,"href":"https:\/\/alasdeleyre.com\/index.php?rest_route=\/wp\/v2\/posts\/2845\/revisions\/3105"}],"wp:attachment":[{"href":"https:\/\/alasdeleyre.com\/index.php?rest_route=%2Fwp%2Fv2%2Fmedia&parent=2845"}],"wp:term":[{"taxonomy":"category","embeddable":true,"href":"https:\/\/alasdeleyre.com\/index.php?rest_route=%2Fwp%2Fv2%2Fcategories&post=2845"},{"taxonomy":"post_tag","embeddable":true,"href":"https:\/\/alasdeleyre.com\/index.php?rest_route=%2Fwp%2Fv2%2Ftags&post=2845"}],"curies":[{"name":"wp","href":"https:\/\/api.w.org\/{rel}","templated":true}]}}