{"id":2859,"date":"2018-05-31T19:55:33","date_gmt":"2018-05-31T17:55:33","guid":{"rendered":"http:\/\/alasdeleyre.com\/?p=2859"},"modified":"2018-06-01T16:35:11","modified_gmt":"2018-06-01T14:35:11","slug":"liga-norte-2018-23-junio-manana-mas","status":"publish","type":"post","link":"https:\/\/alasdeleyre.com\/?p=2859","title":{"rendered":"LIGA NORTE 2018 &#8211; 2,3 Junio &#8211; ANULADA"},"content":{"rendered":"<p><img loading=\"lazy\" decoding=\"async\" class=\"aligncenter size-full wp-image-2860\" src=\"http:\/\/alasdeleyre.com\/wp-content\/uploads\/2018\/05\/lluvia_de_paraguas.png\" alt=\"\" width=\"515\" height=\"328\" srcset=\"https:\/\/alasdeleyre.com\/wp-content\/uploads\/2018\/05\/lluvia_de_paraguas.png 515w, https:\/\/alasdeleyre.com\/wp-content\/uploads\/2018\/05\/lluvia_de_paraguas-300x191.png 300w\" sizes=\"auto, (max-width: 515px) 100vw, 515px\" \/><\/p>\n<p>As\u00ed como el a\u00f1o pasado parec\u00eda que las previsiones estaban de nuestro lado, este a\u00f1o nos lo est\u00e1n poniendo mucho m\u00e1s dif\u00edcil.<\/p>\n<p>Seguimos con la t\u00f3nica general que hemos tenido el mes de mayo. Situaci\u00f3n de mucha inestabilidad y tormentas.<\/p>\n<p>Hoy viernes con las previsiones m\u00e1s actualizadas, hemos decidido (no resultando nada f\u00e1cil hacerlo) <strong>anular la prueba de este fin de semana<\/strong>.<\/p>\n<p>&nbsp;<\/p>\n<p>El s\u00e1bado parece que podemos librar de las tormentas en la zona de Arangoiti, aunque las veremos muy de cerca. Tanto que puede que nos mojemos (si alguien est\u00e1 por all\u00ed), pero lo que parece que nos va a tirar el d\u00eda, es el fuerte viento (para nosotros). Hay previsto unos 30km\/h a 1800 y algo m\u00e1s de 20km\/h en el suelo de SE, subiendo de intensidad a lo largo del d\u00eda. Tambi\u00e9n parece que las nubes ir\u00e1n ganando presencia, con lo que parece que si se puede volar, ser\u00eda bastante al l\u00edmite.<\/p>\n<p>&nbsp;<\/p>\n<p>El domingo dan bastante m\u00e1s cobertura de nubes y posibilidad de precipitaci\u00f3n, pero menos viento de SW.&nbsp;<\/p>\n<p>As\u00ed que muy a nuestro pesar, <strong>el s\u00e1bado por el viento y el domingo por la lluvia, cancelamos la prueba<\/strong>, con lo que se activan las 2 reservas siguientes que ten\u00edamos en la manga si no hab\u00edamos podido volar al menos 7 mangas. Las reservas que se activan son, 10 de junio y si no hay liga nacional en Castej\u00f3n, el 16-17 de junio.<\/p>\n<p>Nos volveremos a leer el pr\u00f3ximo jueves d\u00eda 7 para decidir en d\u00f3nde vernos (\u00a1esperemos!) el domingo 10 (SOLO DOMINGO!), ya que el s\u00e1bado 9 no habr\u00e1 manga.&nbsp;<\/p>\n<p>&nbsp;<\/p>\n<p>Un saludo y mientras tanto&#8230; \u00a1a entrenar! (Quienes puedan)<\/p>\n<p>&nbsp;<\/p>\n<p>&nbsp;<\/p>\n<p>&nbsp;<\/p>\n<p>&nbsp;<\/p>\n<p>&nbsp;<\/p>\n<h6><em>Imagen superior obrtenida de&nbsp;https:\/\/wnfeliz.wordpress.com<\/em><\/h6>\n","protected":false},"excerpt":{"rendered":"<p>As\u00ed como el a\u00f1o pasado parec\u00eda que las previsiones estaban de nuestro lado, este a\u00f1o nos lo est\u00e1n poniendo mucho m\u00e1s dif\u00edcil. Seguimos con la t\u00f3nica general que hemos tenido el mes de mayo. Situaci\u00f3n de mucha inestabilidad y tormentas. Hoy viernes con las previsiones m\u00e1s actualizadas, hemos decidido (no resultando nada f\u00e1cil hacerlo) anular [&hellip;]<\/p>\n","protected":false},"author":1,"featured_media":0,"comment_status":"open","ping_status":"closed","sticky":false,"template":"","format":"standard","meta":{"ngg_post_thumbnail":0,"jetpack_post_was_ever_published":false,"_jetpack_newsletter_access":"","_jetpack_dont_email_post_to_subs":false,"_jetpack_newsletter_tier_id":0,"_jetpack_memberships_contains_paywalled_content":false,"_jetpack_memberships_contains_paid_content":false,"footnotes":""},"categories":[3,13,17],"tags":[],"class_list":["post-2859","post","type-post","status-publish","format-standard","hentry","category-liga-norte","category-parapente","category-rapeladas"],"jetpack_featured_media_url":"","jetpack_sharing_enabled":true,"_links":{"self":[{"href":"https:\/\/alasdeleyre.com\/index.php?rest_route=\/wp\/v2\/posts\/2859","targetHints":{"allow":["GET"]}}],"collection":[{"href":"https:\/\/alasdeleyre.com\/index.php?rest_route=\/wp\/v2\/posts"}],"about":[{"href":"https:\/\/alasdeleyre.com\/index.php?rest_route=\/wp\/v2\/types\/post"}],"author":[{"embeddable":true,"href":"https:\/\/alasdeleyre.com\/index.php?rest_route=\/wp\/v2\/users\/1"}],"replies":[{"embeddable":true,"href":"https:\/\/alasdeleyre.com\/index.php?rest_route=%2Fwp%2Fv2%2Fcomments&post=2859"}],"version-history":[{"count":3,"href":"https:\/\/alasdeleyre.com\/index.php?rest_route=\/wp\/v2\/posts\/2859\/revisions"}],"predecessor-version":[{"id":2863,"href":"https:\/\/alasdeleyre.com\/index.php?rest_route=\/wp\/v2\/posts\/2859\/revisions\/2863"}],"wp:attachment":[{"href":"https:\/\/alasdeleyre.com\/index.php?rest_route=%2Fwp%2Fv2%2Fmedia&parent=2859"}],"wp:term":[{"taxonomy":"category","embeddable":true,"href":"https:\/\/alasdeleyre.com\/index.php?rest_route=%2Fwp%2Fv2%2Fcategories&post=2859"},{"taxonomy":"post_tag","embeddable":true,"href":"https:\/\/alasdeleyre.com\/index.php?rest_route=%2Fwp%2Fv2%2Ftags&post=2859"}],"curies":[{"name":"wp","href":"https:\/\/api.w.org\/{rel}","templated":true}]}}