{"id":2887,"date":"2018-06-18T22:59:27","date_gmt":"2018-06-18T20:59:27","guid":{"rendered":"http:\/\/alasdeleyre.com\/?p=2887"},"modified":"2018-07-13T08:26:36","modified_gmt":"2018-07-13T06:26:36","slug":"liga-norte-2018","status":"publish","type":"post","link":"https:\/\/alasdeleyre.com\/?p=2887","title":{"rendered":"Liga Norte 2018 &#8211; 16, 17 junio &#8211; La cr\u00f3nica"},"content":{"rendered":"<div id=\"attachment_2895\" style=\"width: 509px\" class=\"wp-caption aligncenter\"><img loading=\"lazy\" decoding=\"async\" aria-describedby=\"caption-attachment-2895\" class=\"wp-image-2895\" src=\"http:\/\/alasdeleyre.com\/wp-content\/uploads\/2018\/06\/35533246_10216455813338060_7183758163236093952_n.jpg\" alt=\"\" width=\"499\" height=\"374\" srcset=\"https:\/\/alasdeleyre.com\/wp-content\/uploads\/2018\/06\/35533246_10216455813338060_7183758163236093952_n.jpg 960w, https:\/\/alasdeleyre.com\/wp-content\/uploads\/2018\/06\/35533246_10216455813338060_7183758163236093952_n-300x225.jpg 300w, https:\/\/alasdeleyre.com\/wp-content\/uploads\/2018\/06\/35533246_10216455813338060_7183758163236093952_n-768x576.jpg 768w\" sizes=\"auto, (max-width: 499px) 100vw, 499px\" \/><p id=\"caption-attachment-2895\" class=\"wp-caption-text\">Briefing (\u00a9 Javier Cacheiro)<\/p><\/div>\n<p><span style=\"font-weight: 400;\">Nos presentamos el s\u00e1bado 16 en Ribafrecha, despu\u00e9s de estar jueves (tomar la decisi\u00f3n) y viernes comentando si hicimos bien o no en elegir Ribafrecha como el lugar para realizar esta prueba.<\/span><\/p>\n<p><span style=\"font-weight: 400;\">Ten\u00edamos ganas de cambiar de sitio, ya que este a\u00f1o ya hab\u00edamos estado en Ribafrecha. El jueves a la hora de tomar la decisi\u00f3n, vimos que pod\u00eda estar volable en varias zonas como pod\u00edan ser Ordu\u00f1a (sitio al que le tenemos ganas para ir a hacer una liga), O\u00f1a, Genevilla o Ribafrecha, pero el domingo vimos que en estas zonas (excepto en Ribafrecha) iba a ser complicado volar, ya que aumentaba el viento. En Ribafrecha tambi\u00e9n quiz\u00e1s pod\u00eda estar un poco justo, pero pensamos que volable.<\/span><\/p>\n<p><span style=\"font-weight: 400;\">Estuvimos discutiendo bastante si irnos a volar a Arcones (sitio al que hace mucho que no vamos) pero viendo que en esta zona (en el norte) ten\u00edamos la posibilidad de volar 2 mangas, nos quedamos por aqu\u00ed.<\/span><\/p>\n<p><span style=\"font-weight: 400;\">Dicho esto, nos juntamos 40 pilotos el s\u00e1bado en el bar Nico de Ribafrecha para hacer las inscripciones. El d\u00eda amaneci\u00f3 nublado, pero a eso de las 10 empezaron a abrirse claros hasta quedar despejado completamente. Parec\u00eda que las condiciones iban a empezar antes de lo que nos suele tener acostumbrados Ribafrecha, con lo que a las 12 ya est\u00e1bamos subiendo todos al despegue.<\/span><\/p>\n<p><a href=\"http:\/\/alasdeleyre.com\/wp-content\/uploads\/2018\/06\/manga.jpg\"><img loading=\"lazy\" decoding=\"async\" class=\"aligncenter wp-image-2896\" src=\"http:\/\/alasdeleyre.com\/wp-content\/uploads\/2018\/06\/manga.jpg\" alt=\"\" width=\"496\" height=\"336\" srcset=\"https:\/\/alasdeleyre.com\/wp-content\/uploads\/2018\/06\/manga.jpg 697w, https:\/\/alasdeleyre.com\/wp-content\/uploads\/2018\/06\/manga-300x203.jpg 300w\" sizes=\"auto, (max-width: 496px) 100vw, 496px\" \/><\/a><\/p>\n<p>&nbsp;<\/p>\n<p><span style=\"font-weight: 400;\">Hacemos el briefing y se plantea una prueba de 62 km. El principio era parecido al de otras mangas, aunque esta vez la parte de la ladera era m\u00e1s corta y para hacer el gol, nos ir\u00edamos al SE hasta el pueblo de Fitero, con una baliza de paso en Aldeanueva de Ebro para evitar que la gente se fuera demasiado al sur y se pudiera comprometer por la sierra con el viento.<\/span><\/p>\n<p><a href=\"http:\/\/alasdeleyre.com\/wp-content\/uploads\/2018\/06\/mapamanga.jpg\"><img loading=\"lazy\" decoding=\"async\" class=\"aligncenter wp-image-2897\" src=\"http:\/\/alasdeleyre.com\/wp-content\/uploads\/2018\/06\/mapamanga-1024x725.jpg\" alt=\"\" width=\"498\" height=\"353\" srcset=\"https:\/\/alasdeleyre.com\/wp-content\/uploads\/2018\/06\/mapamanga-1024x725.jpg 1024w, https:\/\/alasdeleyre.com\/wp-content\/uploads\/2018\/06\/mapamanga-300x212.jpg 300w, https:\/\/alasdeleyre.com\/wp-content\/uploads\/2018\/06\/mapamanga-768x544.jpg 768w, https:\/\/alasdeleyre.com\/wp-content\/uploads\/2018\/06\/mapamanga.jpg 1110w\" sizes=\"auto, (max-width: 498px) 100vw, 498px\" \/><\/a><\/p>\n<p><span style=\"font-weight: 400;\">El principio, \u201cf\u00e1cil\u201d, ya que tenemos el apoyo de la ladera y si no se va muy a pi\u00f1\u00f3n, no deber\u00eda haber demasiados problemas para completarlo. Una vez que se hace la parte de la ladera, saltar\u00edamos al llano para hacer los 54 km restantes. Aqu\u00ed empieza lo m\u00e1s t\u00e9cnico, sumado a que en este momento, baj\u00f3 el techo hasta 1500-1600 m aproximadamente. A pesar de que salimos hacia Ventas Blancas con poco techo, nos juntamos un buen grupo y el d\u00eda funcionaba, con lo que poco a poco fuimos ganando kil\u00f3metros.<\/span><\/p>\n<p>&nbsp;<\/p>\n<p><span style=\"font-weight: 400;\">Con la distancia, se hicieron 2 grupitos, uno de unos 4 pilotos que iban unos km por delante y otro parecido, que iban un poco por detr\u00e1s. El resto de pilotos, poco a poco tambi\u00e9n consegu\u00eda avanzar.<\/span><\/p>\n<p><span style=\"font-weight: 400;\">El primero de estos grupos, para hacer la baliza de Aldeanueva, se abri\u00f3 bastante al norte, intentando evitar que la deriva les metiera al sur y no fuese tan complicado hacerla. Esta baliza ten\u00eda un radio bastante grande y despu\u00e9s, la l\u00ednea del vuelo giraba m\u00e1s al sur. <\/span><\/p>\n<p><span style=\"font-weight: 400;\">El segundo grupo, ley\u00f3 mucho mejor el mapa de la prueba y aqu\u00ed fue donde recortaron mucho tiempo. Se fueron a pinchar la baliza m\u00e1s por el sur, sin ganarle tanto al norte y esto hizo que se llevaran la prueba al bolsillo.<\/span><\/p>\n<p>&nbsp;<\/p>\n<p><span style=\"font-weight: 400;\">Finalmente 8 pilotos en gol, aunque uno de ellos siguiendo al grupo, se olvid\u00f3 hacer una de las balizas del principio por unos metros, no vali\u00e9ndole el gol para la clasificaci\u00f3n (pero si el vuelo para \u00e9l).<\/span><\/p>\n<p>Puedes disfrutar la repetici\u00f3n de la manga en diferentes formatos. S\u00f3lo pulsa aqu\u00ed:<\/p>\n<p><a href=\"https:\/\/www.livetrack24.com\/tasks\/4183\"><img loading=\"lazy\" decoding=\"async\" class=\"aligncenter size-full wp-image-2899\" src=\"http:\/\/alasdeleyre.com\/wp-content\/uploads\/2018\/06\/replay.jpg\" alt=\"\" width=\"177\" height=\"201\"><\/a><\/p>\n<p>&nbsp;<\/p>\n<p><span style=\"font-weight: 400;\">Enhorabuena Ra\u00fal por esta victoria, que con ella, le arrebata el primer puesto al ausente (en esta prueba) Red\u00edn, en una peleada temporada de velas EN-C.<\/span><\/p>\n<p><iframe loading=\"lazy\" title=\"Liga Norte 2018   16 junio   Entrevista Raul\" width=\"500\" height=\"281\" src=\"https:\/\/www.youtube.com\/embed\/h9STHB7kLps?feature=oembed\" frameborder=\"0\" allow=\"accelerometer; autoplay; clipboard-write; encrypted-media; gyroscope; picture-in-picture; web-share\" referrerpolicy=\"strict-origin-when-cross-origin\" allowfullscreen><\/iframe><\/p>\n<p><span style=\"font-weight: 400;\">Con esta manga llegamos a 5 mangas voladas, con lo que se activa el primer descarte y se mueven los puestos.<\/span><\/p>\n<p>Las clasificaciones, como siempre, <a href=\"http:\/\/alasdeleyre.com\/?page_id=42\" target=\"_blank\" rel=\"noopener\">aqu\u00ed<\/a>.<\/p>\n<p>&nbsp;<\/p>\n<p><span style=\"font-weight: 400;\">A la tarde, cata de vinos en el pueblo de Ribafrecha que pudimos disfrutar tod@s de los caldos de la Rioja y cenorra en el \u201creservado\u201d del Bar Nico.<\/span><\/p>\n<p>&nbsp;<\/p>\n<p><span style=\"font-weight: 400;\">El domingo las previsiones de viento aumentaron, con lo que se cancel\u00f3 la prueba antes de subir al despegue. Mucha gente se fue a volar por libre a otras zonas en las que el viento era m\u00e1s suave (entre ellas Orozko), que estudiaremos para futuras mangas de Liga Norte.<\/span><\/p>\n<p>&nbsp;<\/p>\n<p>La pr\u00f3xima prueba, el finde del 21, 22 de julio.<\/p>\n","protected":false},"excerpt":{"rendered":"<p>Nos presentamos el s\u00e1bado 16 en Ribafrecha, despu\u00e9s de estar jueves (tomar la decisi\u00f3n) y viernes comentando si hicimos bien o no en elegir Ribafrecha como el lugar para realizar esta prueba. Ten\u00edamos ganas de cambiar de sitio, ya que este a\u00f1o ya hab\u00edamos estado en Ribafrecha. El jueves a la hora de tomar la [&hellip;]<\/p>\n","protected":false},"author":1,"featured_media":0,"comment_status":"open","ping_status":"closed","sticky":false,"template":"","format":"standard","meta":{"ngg_post_thumbnail":0,"jetpack_post_was_ever_published":false,"_jetpack_newsletter_access":"","_jetpack_dont_email_post_to_subs":false,"_jetpack_newsletter_tier_id":0,"_jetpack_memberships_contains_paywalled_content":false,"_jetpack_memberships_contains_paid_content":false,"footnotes":""},"categories":[19,3,13],"tags":[],"class_list":["post-2887","post","type-post","status-publish","format-standard","hentry","category-cronicas","category-liga-norte","category-parapente"],"jetpack_featured_media_url":"","jetpack_sharing_enabled":true,"_links":{"self":[{"href":"https:\/\/alasdeleyre.com\/index.php?rest_route=\/wp\/v2\/posts\/2887","targetHints":{"allow":["GET"]}}],"collection":[{"href":"https:\/\/alasdeleyre.com\/index.php?rest_route=\/wp\/v2\/posts"}],"about":[{"href":"https:\/\/alasdeleyre.com\/index.php?rest_route=\/wp\/v2\/types\/post"}],"author":[{"embeddable":true,"href":"https:\/\/alasdeleyre.com\/index.php?rest_route=\/wp\/v2\/users\/1"}],"replies":[{"embeddable":true,"href":"https:\/\/alasdeleyre.com\/index.php?rest_route=%2Fwp%2Fv2%2Fcomments&post=2887"}],"version-history":[{"count":11,"href":"https:\/\/alasdeleyre.com\/index.php?rest_route=\/wp\/v2\/posts\/2887\/revisions"}],"predecessor-version":[{"id":2908,"href":"https:\/\/alasdeleyre.com\/index.php?rest_route=\/wp\/v2\/posts\/2887\/revisions\/2908"}],"wp:attachment":[{"href":"https:\/\/alasdeleyre.com\/index.php?rest_route=%2Fwp%2Fv2%2Fmedia&parent=2887"}],"wp:term":[{"taxonomy":"category","embeddable":true,"href":"https:\/\/alasdeleyre.com\/index.php?rest_route=%2Fwp%2Fv2%2Fcategories&post=2887"},{"taxonomy":"post_tag","embeddable":true,"href":"https:\/\/alasdeleyre.com\/index.php?rest_route=%2Fwp%2Fv2%2Ftags&post=2887"}],"curies":[{"name":"wp","href":"https:\/\/api.w.org\/{rel}","templated":true}]}}