{"id":2915,"date":"2018-07-19T22:23:18","date_gmt":"2018-07-19T20:23:18","guid":{"rendered":"http:\/\/alasdeleyre.com\/?p=2915"},"modified":"2018-07-20T17:05:44","modified_gmt":"2018-07-20T15:05:44","slug":"liga-norte-2018-21-22-de-julio-decidimos-manana-viernes-20","status":"publish","type":"post","link":"https:\/\/alasdeleyre.com\/?p=2915","title":{"rendered":"Liga Norte 2018 &#8211; 21, 22 de julio &#8211; O\u00f1a &#8211; Orozko"},"content":{"rendered":"<p>&nbsp;<\/p>\n<p><a href=\"http:\/\/alasdeleyre.com\/wp-content\/uploads\/2018\/07\/vlcsnap-2018-07-20-17h00m42s952.png\"><img loading=\"lazy\" decoding=\"async\" class=\"aligncenter wp-image-2928 \" src=\"http:\/\/alasdeleyre.com\/wp-content\/uploads\/2018\/07\/vlcsnap-2018-07-20-17h00m42s952-1024x576.png\" alt=\"\" width=\"716\" height=\"403\" srcset=\"https:\/\/alasdeleyre.com\/wp-content\/uploads\/2018\/07\/vlcsnap-2018-07-20-17h00m42s952-1024x576.png 1024w, https:\/\/alasdeleyre.com\/wp-content\/uploads\/2018\/07\/vlcsnap-2018-07-20-17h00m42s952-300x169.png 300w, https:\/\/alasdeleyre.com\/wp-content\/uploads\/2018\/07\/vlcsnap-2018-07-20-17h00m42s952-768x432.png 768w, https:\/\/alasdeleyre.com\/wp-content\/uploads\/2018\/07\/vlcsnap-2018-07-20-17h00m42s952.png 1920w\" sizes=\"auto, (max-width: 716px) 100vw, 716px\" \/><\/a><\/p>\n<p>Despu\u00e9s de poco m\u00e1s de un mes, aqu\u00ed estamos de nuevo. Este fin de semana del 21 y 22 de julio, tenemos Liga Norte.<\/p>\n<p>&nbsp;<\/p>\n<p>Las previsiones que hay para el fin de semana son de norte, con lo que barajamos las zonas de Ribafrecha,Genevilla, Ordu\u00f1a, O\u00f1a e incluimos como novedad, Orozko.<\/p>\n<p>&nbsp;<\/p>\n<p>Hemos creado un <strong>nuevo archivo de balizas<\/strong> con nuevos waypoints de la zona de Orozko. Un archivo conjunto con balizas de: O\u00f1a, Ordu\u00f1a, Orozko, que pod\u00e9is descargarlo de la secci\u00f3n de <a href=\"http:\/\/alasdeleyre.com\/?page_id=27\">balizas<\/a> o directamente de <a href=\"http:\/\/alasdeleyre.com\/wp-content\/uploads\/balizas\/Orozko_Orduna_Ona.zip\">aqu\u00ed<\/a>. <strong>Por favor, llevarlas metidas en los GPS<\/strong>.<\/p>\n<p style=\"text-align: left;\">La verdad que cualquiera de las zonas parece volable, pero esta vez nos quedamos con &#8230;&#8230;..<\/p>\n<p style=\"text-align: left;\">El <strong>s\u00e1bado volaremos en Barcina de los Montes<\/strong> (quedaremos a las 10:00 en el bar del pueblo) y el&nbsp;<strong>domingo iremos a la zona de Orozko<\/strong> (a las 10:00 en el bar <a href=\"https:\/\/goo.gl\/maps\/sbW5x1MQGBA2\" target=\"_blank\" rel=\"noopener\">Eneko<\/a>, en la plaza de Orozko). Los gur\u00fas nos dicen que estar\u00e1 bueno para hacer una manga bonita.<br \/>\nElegimos as\u00ed por la cosa de ir en la temporada a zonas distintas (elegir las mejores condiciones en cada caso) y volar en distintos lugares, \u00a1y nuevos para la Liga Norte!, cuando hay opci\u00f3n.&nbsp;<\/p>\n<p>Entre un sitio y otro hay 1:15h de viaje y Orozko es una zona en la que hay que estar en el aire temprano, con lo que no nos podemos dormir para hacerlo.<\/p>\n<p>&nbsp;<\/p>\n<p>Para el s\u00e1bado en <strong>O\u00f1a<\/strong>, tendremos viento de componente N-NW, con una velocidad m\u00e1s que aceptable a todas las alturas, entre 5 y 15 km\/h. Techos de 1800 a 2500 m. Puede que en momentos aparezca alg\u00fan cirro, pero parece que puede salir una buena manga.<\/p>\n<p>&nbsp;<\/p>\n<p>El domingo en <strong>Orozko<\/strong> tendremos viento de componente NE, con una velocidad tambi\u00e9n de entre 5 &#8211; 10km\/h. Los techos 1400 &#8211; 2000 m (buenos para la zona). Parece que habr\u00e1 c\u00famulos que ayudar\u00e1n en el vuelo. Tambi\u00e9n pensamos que saldr\u00e1 una manga chula.<\/p>\n<p>Ah\u00ed va un v\u00eddeo&nbsp;trincando en Orozko hace nada. para ir abriendo boca:<\/p>\n<p><a href=\"https:\/\/photos.app.goo.gl\/EwhsGaXivCPchM3N6\" target=\"_blank\" rel=\"noopener\">https:\/\/photos.app.goo.gl\/EwhsGaXivCPchM3N6<\/a><\/p>\n<p>&nbsp;<\/p>\n<p>Lo dicho, s\u00e1bado Barcina de los Montes, domingo Orozko.<\/p>\n<p>&nbsp;<\/p>\n<p>\u00a1\u00a1A cargar pilas!! (y balizas)<\/p>\n","protected":false},"excerpt":{"rendered":"<p>&nbsp; Despu\u00e9s de poco m\u00e1s de un mes, aqu\u00ed estamos de nuevo. Este fin de semana del 21 y 22 de julio, tenemos Liga Norte. &nbsp; Las previsiones que hay para el fin de semana son de norte, con lo que barajamos las zonas de Ribafrecha,Genevilla, Ordu\u00f1a, O\u00f1a e incluimos como novedad, Orozko. &nbsp; Hemos [&hellip;]<\/p>\n","protected":false},"author":1,"featured_media":0,"comment_status":"open","ping_status":"closed","sticky":false,"template":"","format":"standard","meta":{"ngg_post_thumbnail":0,"jetpack_post_was_ever_published":false,"_jetpack_newsletter_access":"","_jetpack_dont_email_post_to_subs":false,"_jetpack_newsletter_tier_id":0,"_jetpack_memberships_contains_paywalled_content":false,"_jetpack_memberships_contains_paid_content":false,"footnotes":""},"categories":[13,17],"tags":[],"class_list":["post-2915","post","type-post","status-publish","format-standard","hentry","category-parapente","category-rapeladas"],"jetpack_featured_media_url":"","jetpack_sharing_enabled":true,"_links":{"self":[{"href":"https:\/\/alasdeleyre.com\/index.php?rest_route=\/wp\/v2\/posts\/2915","targetHints":{"allow":["GET"]}}],"collection":[{"href":"https:\/\/alasdeleyre.com\/index.php?rest_route=\/wp\/v2\/posts"}],"about":[{"href":"https:\/\/alasdeleyre.com\/index.php?rest_route=\/wp\/v2\/types\/post"}],"author":[{"embeddable":true,"href":"https:\/\/alasdeleyre.com\/index.php?rest_route=\/wp\/v2\/users\/1"}],"replies":[{"embeddable":true,"href":"https:\/\/alasdeleyre.com\/index.php?rest_route=%2Fwp%2Fv2%2Fcomments&post=2915"}],"version-history":[{"count":8,"href":"https:\/\/alasdeleyre.com\/index.php?rest_route=\/wp\/v2\/posts\/2915\/revisions"}],"predecessor-version":[{"id":2930,"href":"https:\/\/alasdeleyre.com\/index.php?rest_route=\/wp\/v2\/posts\/2915\/revisions\/2930"}],"wp:attachment":[{"href":"https:\/\/alasdeleyre.com\/index.php?rest_route=%2Fwp%2Fv2%2Fmedia&parent=2915"}],"wp:term":[{"taxonomy":"category","embeddable":true,"href":"https:\/\/alasdeleyre.com\/index.php?rest_route=%2Fwp%2Fv2%2Fcategories&post=2915"},{"taxonomy":"post_tag","embeddable":true,"href":"https:\/\/alasdeleyre.com\/index.php?rest_route=%2Fwp%2Fv2%2Ftags&post=2915"}],"curies":[{"name":"wp","href":"https:\/\/api.w.org\/{rel}","templated":true}]}}