{"id":2995,"date":"2018-09-11T20:47:21","date_gmt":"2018-09-11T18:47:21","guid":{"rendered":"http:\/\/alasdeleyre.com\/?p=2995"},"modified":"2018-09-18T23:31:08","modified_gmt":"2018-09-18T21:31:08","slug":"liga-norte-2018-1-2-sept-genevilla-arangoiti-la-cronica","status":"publish","type":"post","link":"https:\/\/alasdeleyre.com\/?p=2995","title":{"rendered":"LIGA NORTE 2018 &#8211; 1-2 sept &#8211; Genevilla\/Arangoiti &#8211; La cr\u00f3nica"},"content":{"rendered":"<p>Finde con pretensiones de volar los 2 d\u00edas, \u00a1a lo loco!<\/p>\n<p>Las previsiones nos hacen decidir un desdoblamiento: s\u00e1bado en Genevilla, y domingo en Arangoiti.<\/p>\n<p>&nbsp;<\/p>\n<p>51 pilotos nos juntamos en Genevilla.&nbsp;<\/p>\n<p>La previsi\u00f3n era de viento flojo de Norte, Nordeste, condiciones decentillas, con techos de unos 1800, o quiz\u00e1s m\u00e1s.<\/p>\n<p>La manga que se decidi\u00f3 hacer, pues, \u00bfpara qu\u00e9 enga\u00f1arnos?, lo t\u00edpico en la zona, sin experimentos raros.<\/p>\n<p>La ida y vuelta habitual hacia Lagr\u00e1n, lo cual hace que tengamos 50 km sin salir de la ladera, y luego nos vamos atr\u00e1s, al gol en Lodosa, pasando por Los Arcos. En total, 64 km.<\/p>\n<p><a href=\"http:\/\/alasdeleyre.com\/wp-content\/uploads\/2018\/09\/Manga_gene.jpg\"><img loading=\"lazy\" decoding=\"async\" class=\"size-medium wp-image-2999 alignleft\" src=\"http:\/\/alasdeleyre.com\/wp-content\/uploads\/2018\/09\/Manga_gene-300x177.jpg\" alt=\"\" width=\"300\" height=\"177\" srcset=\"https:\/\/alasdeleyre.com\/wp-content\/uploads\/2018\/09\/Manga_gene-300x177.jpg 300w, https:\/\/alasdeleyre.com\/wp-content\/uploads\/2018\/09\/Manga_gene-768x453.jpg 768w, https:\/\/alasdeleyre.com\/wp-content\/uploads\/2018\/09\/Manga_gene-1024x603.jpg 1024w, https:\/\/alasdeleyre.com\/wp-content\/uploads\/2018\/09\/Manga_gene.jpg 1142w\" sizes=\"auto, (max-width: 300px) 100vw, 300px\" \/><\/a> <img loading=\"lazy\" decoding=\"async\" class=\"size-medium wp-image-3000 alignright\" src=\"http:\/\/alasdeleyre.com\/wp-content\/uploads\/2018\/09\/Manga_gene_texto-300x156.jpg\" alt=\"\" width=\"300\" height=\"156\" srcset=\"https:\/\/alasdeleyre.com\/wp-content\/uploads\/2018\/09\/Manga_gene_texto-300x156.jpg 300w, https:\/\/alasdeleyre.com\/wp-content\/uploads\/2018\/09\/Manga_gene_texto-768x399.jpg 768w, https:\/\/alasdeleyre.com\/wp-content\/uploads\/2018\/09\/Manga_gene_texto.jpg 812w\" sizes=\"auto, (max-width: 300px) 100vw, 300px\" \/><\/p>\n<p>&nbsp;<\/p>\n<p>&nbsp;<\/p>\n<p>&nbsp;<\/p>\n<p>&nbsp;<\/p>\n<p>&nbsp;<\/p>\n<p>La jornada empieza con pocas ganas. Aunque se abre la ventana,, el que no haya nada de viento en el despegue no anima a salir a nadie. Hasta que llega Zogoyo yyyyyy&#8230;. pincha&#8230;<\/p>\n<div class=\"fb-video\" data-allowfullscreen=\"true\" data-href=\"https:\/\/www.facebook.com\/erxino\/videos\/10218003088095309\/\" style=\"background-color: #fff; display: inline-block;\"><\/div>\n<p>&nbsp;<\/p>\n<p>Era un winddumy de lujo. As\u00ed que decidimos aplazarlo todo media hora, a ver si mejoraba la cosa.<\/p>\n<p>Al rato salen algunos m\u00e1s: Jose F\u00e9lix, Juan Maiza&#8230; Al principio parece que pinchan, pero no. As\u00ed que, todos a sus puestos!!!, y empieza a despegar todo el mundo.<\/p>\n<p>Enseguida se ve que el d\u00eda es bueno, y que se aguanta bien en la ladera, con buena altura. Los techos previstos se superan.<\/p>\n<p>&nbsp;<\/p>\n<p>El Start Point se abre a las 15:30, bastante tard\u00f3n, al final.&nbsp;<\/p>\n<p>Salida y todo el mundo a por el primer paso, El Le\u00f3n Dormido. Zona emblem\u00e1tica en el lugar.<br \/>\nJoserra se confunde, y hace un start point a 1 km de donde es en realidad, qued\u00e1ndose corto. Y, por desgracia le fastidia la manga, ya que fue \u00e9l quien estaba en cabeza todo el tiempo, y quien hizo primero el gol con diferencia. Pero, este error le costar\u00eda la manga.<\/p>\n<p>Jose F\u00e9lix es el primero en tirarse a por la baliza y a cruzar . Tras \u00e9l Tino, y luego F\u00e1lix. Los 2 primeros tienen un rato con el culo prieto, a punto de pinchar en Bernedo.&nbsp; Y les alcanzan Ra\u00fal y Juan.<\/p>\n<p>F\u00e9lix es el que se pone en cabeza hacia la baliza (recordemos que Joserra est\u00e1 por delante, pero sin hacer el SP). Tras \u00e9l, Tino, que har\u00eda la baliza el primero. Y ya va llegando todo el grupo. Entre ellos, \u00cd\u00f1igo y Xabi, que se van marcando (o no).<\/p>\n<p>La verdad es que, en la ladera, una vez ganabas la cresta, la cosa estaba realmente f\u00e1cil. se iba y volv\u00eda con facilidad, y casi sin girar nada, si quer\u00edas.<\/p>\n<div id=\"attachment_3001\" style=\"width: 400px\" class=\"wp-caption alignleft\"><a href=\"https:\/\/www.livetrack24.com\/tasks\/4305\" target=\"_blank\" rel=\"noopener\"><img loading=\"lazy\" decoding=\"async\" aria-describedby=\"caption-attachment-3001\" class=\"wp-image-3001 size-full\" src=\"http:\/\/alasdeleyre.com\/wp-content\/uploads\/2018\/09\/Manga_gene_lt.jpg\" alt=\"Repetici\u00f3n de la manga\" width=\"390\" height=\"218\" srcset=\"https:\/\/alasdeleyre.com\/wp-content\/uploads\/2018\/09\/Manga_gene_lt.jpg 390w, https:\/\/alasdeleyre.com\/wp-content\/uploads\/2018\/09\/Manga_gene_lt-300x168.jpg 300w\" sizes=\"auto, (max-width: 390px) 100vw, 390px\" \/><\/a><p id=\"caption-attachment-3001\" class=\"wp-caption-text\">Repetici\u00f3n de la manga<\/p><\/div>\n<p>Tino es el primero en cruzar de vuelta, seguido de Ra\u00fal y F\u00e9lix (que va algo m\u00e1s separado de la ladera).<br \/>\nTras ellos llega un nutrido grupo de pilotos.<\/p>\n<p>Antes de llegar al despegue (de vuelta), unos deciden girar una buena t\u00e9rmica, que les deriva demasiado al sur. Quiz\u00e1s pod\u00edan haberse tirado desde ah\u00ed a por la baliza de Los Arcos, pero deciden volver a la ladera. As\u00ed, los que hab\u00edan decidido seguir por la ladera, les recortan distancia.<\/p>\n<p>En las antenas se junta mucha gente, auqnue Tino ya se ha escapado hacia la baliza de Los Arcos.<\/p>\n<p>Todos intentando coger ese techo para largarse de la zona. Unos por fuera, otros en la cresta. La cosa estaba divertida.<\/p>\n<p>Del grupo los primeros en salir son F\u00e9lix e \u00cd\u00f1igo, pero con Xabi y Ra\u00fal muy cerca.<br \/>\nCuriosamente en el sotavento se sube de maravilla. Hay unos buenos canicazos, que ponen a los pilotos por encima del techo del d\u00eda hasta el momento.<\/p>\n<p>Tino hace primero la baliza, mientars que Xabi y F\u00e9lix tiene que girar algo que les aleja de la misma.<br \/>\nRa\u00fal e I\u00f1igo pillan un buen canicazo antes y ven a los otros 2 c\u00f3mo vuelven. Tambi\u00e9n estaba por ah\u00ed Gari, por cierto.<\/p>\n<p>Cuando Tino llega al gol, Xabi est\u00e1 cerca, al igual que F\u00e9lix y Gari.<br \/>\nRa\u00fal e \u00cd\u00f1igo tienen que girar alguna cosilla, para asegurar que llegan.<\/p>\n<p>Luego, en el gol, se sub\u00eda por todo, pero, eso s\u00ed, hac\u00eda mucho, mucho viento de NE (en contra casi) en la parte m\u00e1s baja.<\/p>\n<div class=\"fb-video\" data-allowfullscreen=\"true\" data-href=\"https:\/\/www.facebook.com\/erxino\/videos\/10218004887700298\/\" style=\"background-color: #fff; display: inline-block;\"><\/div>\n<p>&nbsp;<\/p>\n<p>Finalmente, \u00cd\u00f1igo y Xabi 1\u00ba y 2\u00ba en la liga, llegan casi juntos, dejando la clasificaci\u00f3n muy interesnante.<\/p>\n<p>15 pilotos en gol, cerr\u00e1ndolo Maite, que no pod\u00eda bajar al final del dia!<\/p>\n<p>La gente contenta, porque se hicieron muchos km.<\/p>\n<p>&nbsp;<\/p>\n<p>La verdad es que Genevilla no suele fallar.<\/p>\n<p>Aqu\u00ed pode\u00eds ver las clasificaciones de la <a href=\"http:\/\/www.alasdeleyre.com\/viejo\/Clasificaciones\/Nacionales\/Liga_norte\/2018\/LIGA_NORTE_2018_M17_GENEVILLA.pdf\" target=\"_blank\" rel=\"noopener\">manga<\/a>, y las clasificaciones <a href=\"http:\/\/alasdeleyre.com\/?page_id=42#2018\" target=\"_blank\" rel=\"noopener\">generales<\/a>.<\/p>\n<p>Y, por supuesto, la <a href=\"http:\/\/alasdeleyre.com\/?p=3033\" target=\"_blank\" rel=\"noopener\">cr\u00f3nica<\/a> del ganador de la manga: Tino<\/p>\n<p>&nbsp;<\/p>\n<p>El domingo nos fuimos a Arangoiti.<\/p>\n<p>La predicci\u00f3n era curiosa. Pero hayq ue tener en cuenta que se decide el viernes, as\u00ed que, hay que apechugar con lo que salga.<\/p>\n<p>Qu\u00e9 sal\u00eda?, pues que el viento iba a ser flojo de oeste, y que luego entrar\u00eda NW.<\/p>\n<p>Se puso una prueba con gol antes de Jaca. Pero, antes del Start Point, con todo el mundo en el aire, se decidi\u00f3 pararla.<\/p>\n<p>\u00bfQu\u00e9 pasaba?, pues que el norte entr\u00f3 antes de lo esperado. Y era una prueba para ir por la ladera, al menos, hasta el inicio de la carrera. No queremos l\u00edos, i que la gente sufra innecesariamente. La cosa estaba guarrilla (excepto si estabas alto). As\u00ed que, paramos la manga!<\/p>\n<p>Muchos pilotos se fueron a Lumbier a aterrizar. Y muchos tambi\u00e9n al monasterio de Leyre, que no lo conoc\u00edan.<\/p>\n<div class=\"fb-video\" data-allowfullscreen=\"true\" data-href=\"https:\/\/www.facebook.com\/erxino\/videos\/10218011274139955\/\" style=\"background-color: #fff; display: inline-block;\"><\/div>\n<p>&nbsp;<\/p>\n<p>&nbsp;<\/p>\n<p>Finalmente, un finde interesnate. Que nos deja 8 mangas voladas en la Liga, lo que quiere decir que hay 2 descartes: punt\u00faan las 6 mejores mangas de cada piloto.<\/p>\n<p>Esto nos deja la general con 43 puntos entre el primero (\u00cd\u00f1igo) y el segundo (Xabi). Y el tercero (Ra\u00fal) a s\u00f3lo 358 puntos del primero (y \u00e9so que ha faltado a 2 mangas).<\/p>\n<p>Y en la clase club, mucha emoci\u00f3n tambi\u00e9n, pero no por el liderazgo, que Gari posee con comodidad. 4 pilotos se pelean por los puestos entre el 2\u00ba y el 4\u00ba.<\/p>\n<p>&nbsp;<\/p>\n<p>As\u00ed que, en la pr\u00f3xima prueba (el finde del 15-16 de septiembre) que es la \u00faltima, emoci\u00f3n&#8230;<br \/>\nY luego, el \u00faltimo finde de septiembre, a cerrar el a\u00f1o en <a href=\"http:\/\/alasdeleyre.com\/?p=2987\" target=\"_blank\" rel=\"noopener\">Belagua<\/a>. Te lo vas a perder?<\/p>\n<p>&nbsp;<\/p>\n<p>Y ahora, lo que toca, las fotos,v\u00eddeos, etc&#8230; Que hay unas cuantas!<\/p>\n<p>Javi Cacheiro nos ha hecho un bonito montaje con v\u00eddeos y fotos varias, d ela manga de Genevilla.<\/p>\n<p>https:\/\/vimeo.com\/288738502<\/p>\n<p>Ander no va a ser menos, y tambi\u00e9n nos pasa su versi\u00f3n del d\u00eda:<\/p>\n<p><iframe loading=\"lazy\" title=\"2018 iraila LN Genevilla\" src=\"https:\/\/player.vimeo.com\/video\/288040159?dnt=1&amp;app_id=122963\" width=\"500\" height=\"281\" frameborder=\"0\" allow=\"autoplay; fullscreen; picture-in-picture; clipboard-write\"><\/iframe><\/p>\n<p>&nbsp;<\/p>\n<p>Alberto Matutte nos pasa sus fotos:<\/p>\n<p><a href=\"https:\/\/www.facebook.com\/groups\/LigaNorteParapente\/permalink\/2014459681983158\/\" target=\"_blank\" rel=\"noopener\"><img loading=\"lazy\" decoding=\"async\" class=\"aligncenter wp-image-3007 size-full\" src=\"http:\/\/alasdeleyre.com\/wp-content\/uploads\/2018\/09\/2018-09-11-23-17-36.jpg\" alt=\"\" width=\"505\" height=\"591\" srcset=\"https:\/\/alasdeleyre.com\/wp-content\/uploads\/2018\/09\/2018-09-11-23-17-36.jpg 505w, https:\/\/alasdeleyre.com\/wp-content\/uploads\/2018\/09\/2018-09-11-23-17-36-256x300.jpg 256w\" sizes=\"auto, (max-width: 505px) 100vw, 505px\" \/><\/a><\/p>\n<p>&nbsp;<\/p>\n<p>Aitor nos pasa sus fotos habituales tambi\u00e9n:<\/p>\n<p><a href=\"https:\/\/www.facebook.com\/permalink.php?story_fbid=2303521719882822&amp;id=100006750495153\" target=\"_blank\" rel=\"noopener\"><img loading=\"lazy\" decoding=\"async\" class=\"aligncenter wp-image-3008 size-full\" src=\"http:\/\/alasdeleyre.com\/wp-content\/uploads\/2018\/09\/2018-09-11-23-19-07.jpg\" alt=\"\" width=\"504\" height=\"667\" srcset=\"https:\/\/alasdeleyre.com\/wp-content\/uploads\/2018\/09\/2018-09-11-23-19-07.jpg 504w, https:\/\/alasdeleyre.com\/wp-content\/uploads\/2018\/09\/2018-09-11-23-19-07-227x300.jpg 227w\" sizes=\"auto, (max-width: 504px) 100vw, 504px\" \/><\/a><\/p>\n<p>&nbsp;<\/p>\n<p>Por supuesto, Rakel tambi\u00e9n fue fiel a su cita<\/p>\n<div class=\"fb-post\" data-href=\"https:\/\/www.facebook.com\/rakel.albeniz\/posts\/2550076525006294\" data-width=\"552\" style=\"background-color: #fff; display: inline-block;\"><\/div>\n<p>&nbsp;<\/p>\n<p>Y F\u00e9lix, que no s\u00f3lo va en cabeza, si no que se saca unas fotos<\/p>\n<p><a href=\"https:\/\/www.facebook.com\/groups\/LigaNorteParapente\/permalink\/2011144245648035\/\" target=\"_blank\" rel=\"noopener\"><img loading=\"lazy\" decoding=\"async\" class=\"aligncenter wp-image-3009 size-full\" src=\"http:\/\/alasdeleyre.com\/wp-content\/uploads\/2018\/09\/2018-09-11-23-22-34.jpg\" alt=\"\" width=\"500\" height=\"594\" srcset=\"https:\/\/alasdeleyre.com\/wp-content\/uploads\/2018\/09\/2018-09-11-23-22-34.jpg 500w, https:\/\/alasdeleyre.com\/wp-content\/uploads\/2018\/09\/2018-09-11-23-22-34-253x300.jpg 253w\" sizes=\"auto, (max-width: 500px) 100vw, 500px\" \/><\/a><\/p>\n<p>&nbsp;<\/p>\n<p>I\u00f1aki tambi\u00e9n estuvo all\u00ed<\/p>\n<p><a href=\"https:\/\/www.facebook.com\/groups\/LigaNorteParapente\/permalink\/2011041418991651\/\" target=\"_blank\" rel=\"noopener\"><img loading=\"lazy\" decoding=\"async\" class=\"aligncenter wp-image-3010 size-full\" src=\"http:\/\/alasdeleyre.com\/wp-content\/uploads\/2018\/09\/2018-09-11-23-24-06.jpg\" alt=\"\" width=\"501\" height=\"573\" srcset=\"https:\/\/alasdeleyre.com\/wp-content\/uploads\/2018\/09\/2018-09-11-23-24-06.jpg 501w, https:\/\/alasdeleyre.com\/wp-content\/uploads\/2018\/09\/2018-09-11-23-24-06-262x300.jpg 262w\" sizes=\"auto, (max-width: 501px) 100vw, 501px\" \/><\/a><\/p>\n<p>&nbsp;<\/p>\n<p>Y <strong>Arantza<\/strong>, tras un tiempo de sequ\u00eda nos regala sus fotos y v\u00eddeos, tambi\u00e9n.<\/p>\n<p><a href=\"https:\/\/photos.app.goo.gl\/gLfVM75RywUqqZjF8\" target=\"_blank\" rel=\"noopener\"><img loading=\"lazy\" decoding=\"async\" class=\"alignnone size-full wp-image-3046\" src=\"http:\/\/alasdeleyre.com\/wp-content\/uploads\/2018\/09\/2018-09-18-23-30-15.jpg\" alt=\"\" width=\"489\" height=\"477\" srcset=\"https:\/\/alasdeleyre.com\/wp-content\/uploads\/2018\/09\/2018-09-18-23-30-15.jpg 489w, https:\/\/alasdeleyre.com\/wp-content\/uploads\/2018\/09\/2018-09-18-23-30-15-300x293.jpg 300w\" sizes=\"auto, (max-width: 489px) 100vw, 489px\" \/><\/a><\/p>\n<p>&nbsp;<\/p>\n<p>&nbsp;<\/p>\n<p>&nbsp;<\/p>\n<p>&nbsp;<\/p>\n","protected":false},"excerpt":{"rendered":"<p>Finde con pretensiones de volar los 2 d\u00edas, \u00a1a lo loco! Las previsiones nos hacen decidir un desdoblamiento: s\u00e1bado en Genevilla, y domingo en Arangoiti. &nbsp; 51 pilotos nos juntamos en Genevilla.&nbsp; La previsi\u00f3n era de viento flojo de Norte, Nordeste, condiciones decentillas, con techos de unos 1800, o quiz\u00e1s m\u00e1s. La manga que se [&hellip;]<\/p>\n","protected":false},"author":1,"featured_media":0,"comment_status":"open","ping_status":"closed","sticky":false,"template":"","format":"standard","meta":{"ngg_post_thumbnail":0,"jetpack_post_was_ever_published":false,"_jetpack_newsletter_access":"","_jetpack_dont_email_post_to_subs":false,"_jetpack_newsletter_tier_id":0,"_jetpack_memberships_contains_paywalled_content":false,"_jetpack_memberships_contains_paid_content":false,"footnotes":""},"categories":[19,3,13],"tags":[],"class_list":["post-2995","post","type-post","status-publish","format-standard","hentry","category-cronicas","category-liga-norte","category-parapente"],"jetpack_featured_media_url":"","jetpack_sharing_enabled":true,"_links":{"self":[{"href":"https:\/\/alasdeleyre.com\/index.php?rest_route=\/wp\/v2\/posts\/2995","targetHints":{"allow":["GET"]}}],"collection":[{"href":"https:\/\/alasdeleyre.com\/index.php?rest_route=\/wp\/v2\/posts"}],"about":[{"href":"https:\/\/alasdeleyre.com\/index.php?rest_route=\/wp\/v2\/types\/post"}],"author":[{"embeddable":true,"href":"https:\/\/alasdeleyre.com\/index.php?rest_route=\/wp\/v2\/users\/1"}],"replies":[{"embeddable":true,"href":"https:\/\/alasdeleyre.com\/index.php?rest_route=%2Fwp%2Fv2%2Fcomments&post=2995"}],"version-history":[{"count":12,"href":"https:\/\/alasdeleyre.com\/index.php?rest_route=\/wp\/v2\/posts\/2995\/revisions"}],"predecessor-version":[{"id":3047,"href":"https:\/\/alasdeleyre.com\/index.php?rest_route=\/wp\/v2\/posts\/2995\/revisions\/3047"}],"wp:attachment":[{"href":"https:\/\/alasdeleyre.com\/index.php?rest_route=%2Fwp%2Fv2%2Fmedia&parent=2995"}],"wp:term":[{"taxonomy":"category","embeddable":true,"href":"https:\/\/alasdeleyre.com\/index.php?rest_route=%2Fwp%2Fv2%2Fcategories&post=2995"},{"taxonomy":"post_tag","embeddable":true,"href":"https:\/\/alasdeleyre.com\/index.php?rest_route=%2Fwp%2Fv2%2Ftags&post=2995"}],"curies":[{"name":"wp","href":"https:\/\/api.w.org\/{rel}","templated":true}]}}