{"id":3038,"date":"2018-09-18T20:56:42","date_gmt":"2018-09-18T18:56:42","guid":{"rendered":"http:\/\/alasdeleyre.com\/?p=3038"},"modified":"2018-09-19T22:07:04","modified_gmt":"2018-09-19T20:07:04","slug":"liga-norte-2018-15-16-septiembre-arangoiti-cronicas","status":"publish","type":"post","link":"https:\/\/alasdeleyre.com\/?p=3038","title":{"rendered":"LIGA NORTE 2018 &#8211; 15-16 septiembre &#8211; ARANGOITI &#8211; CR\u00d3NICAS"},"content":{"rendered":"<p><img loading=\"lazy\" decoding=\"async\" class=\" wp-image-3051 aligncenter\" src=\"http:\/\/alasdeleyre.com\/wp-content\/uploads\/2018\/09\/42085895_10212117067298085_7030381462301966336_o-e1537307238581-1024x576.jpg\" alt=\"\" width=\"617\" height=\"347\" srcset=\"https:\/\/alasdeleyre.com\/wp-content\/uploads\/2018\/09\/42085895_10212117067298085_7030381462301966336_o-e1537307238581-1024x576.jpg 1024w, https:\/\/alasdeleyre.com\/wp-content\/uploads\/2018\/09\/42085895_10212117067298085_7030381462301966336_o-e1537307238581-300x169.jpg 300w, https:\/\/alasdeleyre.com\/wp-content\/uploads\/2018\/09\/42085895_10212117067298085_7030381462301966336_o-e1537307238581-768x432.jpg 768w, https:\/\/alasdeleyre.com\/wp-content\/uploads\/2018\/09\/42085895_10212117067298085_7030381462301966336_o-e1537307238581.jpg 2048w\" sizes=\"auto, (max-width: 617px) 100vw, 617px\" \/><\/p>\n<p>10 mangas despu\u00e9s, termina la Liga Norte 2018.<\/p>\n<p>No ha sido el mejor a\u00f1o de nuestra historia en cuanto a calidad de mangas. Y no es culpa nuestra, claro, porque empe\u00f1o ya le ponemos. Pero, es que la m\u00e9teo, no s\u00e9, ha sido rara, rara.<\/p>\n<p>Eso s\u00ed, hemos sacado nada menos que 10 mangas, a base del sistema de reservas condicionadas y dem\u00e1s, que tenemos montado. Tampoco est\u00e1 mal para una zona del norte.<\/p>\n<p>&nbsp;<\/p>\n<p>El finde se presentaba muy interesante. La previsi\u00f3n (al menos la del jueves, cuando se decide la prueba) era bastante decente, mejor a\u00fan para el domingo que para el s\u00e1bado.<\/p>\n<p>El s\u00e1bado nos juntamos en el despegue nada menos que 63 pilotos. Una pasada!<\/p>\n<p>Como es habitual, antes de subir al despegue ya e hab\u00eda enviado a los pilotos la posible manga del d\u00eda, mediante el canal de <a href=\"https:\/\/t.me\/joinchat\/AAAAADubq78VfaoqCNR9gQ\" target=\"_blank\" rel=\"noopener\">Telegram<\/a> de la Liga Norte. Es una costumbre que, junto con la de compartir la prueba en <a href=\"https:\/\/xctrack.org\/\" target=\"_blank\" rel=\"noopener\">XCTrack<\/a>, ya se ha convertido en norma. As\u00ed ganamos tiempo arriba.<\/p>\n<p>Eso s\u00ed, nadie se libra de asistir al briefing, que, nunca se sabe si puede haber cambios de \u00faltima hora, adem\u00e1s de poner los horarios, claro.<\/p>\n<p>La prueba prevista era una a la que tenemos ganas, la ida por el sur y vuelta por el norte. O sea, ir por la ladera de Leyre, y volver por la de Ill\u00f3n (al norte de Leyre), para hacer un gol en Artieda, al norte de Lumbier.<\/p>\n<div class=\"fb-video\" data-allowfullscreen=\"true\" data-href=\"https:\/\/www.facebook.com\/rakel.albeniz\/videos\/2573902022623744\/\" style=\"background-color: #fff; display: inline-block;\"><\/div>\n<p>&nbsp;<\/p>\n<p>La manga comenz\u00f3. Primero despeg\u00f3 Fredy, fuera de la compe, y le sigui\u00f3 Mattin, siendo el primer piloto de la prueba en despegar.<\/p>\n<p>Pero Mattin sali\u00f3 con un twist en el freno. Se dej\u00f3 llevar en vez de abortar, y el viento (que no era fuerte) le llev\u00f3 sin control hacia el lado izquierdo del despegue, justo entre \u00e1rboles. Con la mala suerte de que, cuando parec\u00eda que iba a poder aterrizar en el claro, el sotavento de los \u00e1rboles de delante le mandaron al suelo fuerte. Impact\u00f3 con fuerza, con los pies por delante.<\/p>\n<p>Por supuesto, cerramos el despegue de inmediato, y se llam\u00f3 al helic\u00f3ptero en segundos. Este apareci\u00f3 bastante r\u00e1pido, aterriz\u00f3 en el mismo despegue, y con la ayuda de todo el mundo evacuaron a Mattin, que fue trasladado al Hospital de Navarra, en Pamplona.<\/p>\n<p>Ahora estar\u00e1 leyendo estas lineas desde su casa. Con sus 2 v\u00e9rtebras aplastadas, pero sin necesidad de operar. As\u00ed que, dentro de lo que cabe, bien.<\/p>\n<p>Mattin, ya sabes que estamos todos contigo, y aqu\u00ed te esperaremos para el a\u00f1o que viene.<\/p>\n<p>&nbsp;<\/p>\n<p>Tras el incidente, por supuesto se hizo tarde. Pero pensamos que hab\u00eda que aprovechar que est\u00e1bamos ah\u00ed. As\u00ed que decidimos hacer una nueva prueba. Muy sencilla, muy corta, pero era una manga.<\/p>\n<p><a href=\"http:\/\/alasdeleyre.com\/wp-content\/uploads\/2018\/09\/2018-09-18-23-58-18-7.jpg\"><img loading=\"lazy\" decoding=\"async\" class=\"alignleft wp-image-3052\" src=\"http:\/\/alasdeleyre.com\/wp-content\/uploads\/2018\/09\/2018-09-18-23-58-18-7-1024x612.jpg\" alt=\"\" width=\"338\" height=\"202\" srcset=\"https:\/\/alasdeleyre.com\/wp-content\/uploads\/2018\/09\/2018-09-18-23-58-18-7-1024x612.jpg 1024w, https:\/\/alasdeleyre.com\/wp-content\/uploads\/2018\/09\/2018-09-18-23-58-18-7-300x179.jpg 300w, https:\/\/alasdeleyre.com\/wp-content\/uploads\/2018\/09\/2018-09-18-23-58-18-7-768x459.jpg 768w, https:\/\/alasdeleyre.com\/wp-content\/uploads\/2018\/09\/2018-09-18-23-58-18-7.jpg 1123w\" sizes=\"auto, (max-width: 338px) 100vw, 338px\" \/><\/a> &nbsp;&nbsp;<\/p>\n<p>La manga consisti\u00f3 en un recorrido de ida y vuelta por la sierra, hasta el v\u00e9rtice geod\u00e9isco de Escalar, ampliamente conocido. Baliza en las antenas, y luego tirar al norte, a un par de km al norte de Artieda, y gol en Artieda. Eran s\u00f3lo 33 km.<a href=\"http:\/\/alasdeleyre.com\/wp-content\/uploads\/2018\/09\/2018-09-18-23-58-18-8.jpg\"><img loading=\"lazy\" decoding=\"async\" class=\"alignnone wp-image-3053\" src=\"http:\/\/alasdeleyre.com\/wp-content\/uploads\/2018\/09\/2018-09-18-23-58-18-8.jpg\" alt=\"\" width=\"329\" height=\"187\" srcset=\"https:\/\/alasdeleyre.com\/wp-content\/uploads\/2018\/09\/2018-09-18-23-58-18-8.jpg 694w, https:\/\/alasdeleyre.com\/wp-content\/uploads\/2018\/09\/2018-09-18-23-58-18-8-300x171.jpg 300w\" sizes=\"auto, (max-width: 329px) 100vw, 329px\" \/><\/a><\/p>\n<p>La previsi\u00f3n del d\u00eda la verdad es que no era muy gloriosa. Unos cirros espesos amenazaban con dejarnos un d\u00eda de lo m\u00e1s flojo. Ten\u00edamos fe en que no afectasen mucho, pero, la verdad es que condicionaron aboslutamente el d\u00eda. Hasta el punto de que, incluso con una prueba tan sencilla y corta, nadie pudo llegar a la meta.<\/p>\n<p>&nbsp;<\/p>\n<p>Ya la espera para el start point se convirti\u00f3 en una batallita de aguante en ladera. raramente se superaban 100-200 metros sobre la cresta (1350). Tampoco es que se pinchase, pero, m\u00e1s de uno ya aterriz\u00f3 antes de empezar la prueba, por desgracia.<\/p>\n<p>La carrera comenz\u00f3 a las 16:35 (ni \u00abpa\u00bb t\u00ed ni \u00abpa\u00bb m\u00ed, dijo alguno en el briefing).<\/p>\n<p>Todos los que quedaban en vuelo salieron escopeteados hacia la baliza. Pero con menos acelerador que otras veces, que no estaba la cosa para pasarse.<\/p>\n<p>A pesar de todo, al menos la ida y vuelta se hizo relativamente bien, siempre y cuando estuvieras sobre la cresta. Como perdieras 100 metros, estabas en problemas.<\/p>\n<p>El grupo de cabeza hizo la ida y vuelta sin girar practicamente nada, y lleg\u00f3 a las antenas. Ah\u00ed la cosa ya empezaba a flojear un poco.<\/p>\n<p>Pero siguieron camino de Li\u00e9dena, continuando por la ladera, hacia Lumbier, con la idea de pillar la \u00faltima all\u00ed, para llegar al gol.<\/p>\n<p>Pero F\u00e9lix (Azagra) prefiri\u00f3 quedarse a mitad de camino. Gir\u00f3 alguna cosilla, y se tir\u00f3 directo a por la baliza, acortando el recorrido que hac\u00edan los de cabeza.<\/p>\n<p>Y le vali\u00f3 muy bien, porque se llev\u00f3 la manga aunque s\u00f3lo pudo hacer 28 km de la prueba.<br \/>\nF\u00e9lix nos cuenta c\u00f3mo se lo mont\u00f3:<\/p>\n<p><iframe loading=\"lazy\" title=\"Liga Norte 2018 - 15 septiembre - Arangoiti - F\u00e9lix Azagra, ganador de la manga\" width=\"500\" height=\"281\" src=\"https:\/\/www.youtube.com\/embed\/C3VkLstylAI?feature=oembed\" frameborder=\"0\" allow=\"accelerometer; autoplay; clipboard-write; encrypted-media; gyroscope; picture-in-picture; web-share\" referrerpolicy=\"strict-origin-when-cross-origin\" allowfullscreen><\/iframe><\/p>\n<p>&nbsp;<\/p>\n<p>Tras \u00e9l, los integrantes dee grupo: Tino, Mateu, Carlos&#8230;<\/p>\n<p>ENTREVISTA A F\u00c9LIX<\/p>\n<p>En este finde se decid\u00eda la general de la Liga. \u00cd\u00f1igo y Xabi estaban ah\u00ed peleando a brazo partido, con una diferencia entre ellos que casi era un empate.<\/p>\n<p>Merece un punto a parte la pelea entre estos dos en este finde. Auqnue las condiciones no nos han dejado ver una carrera \u00abde verdad\u00bb, la emoci\u00f3n estaba ah\u00ed.<\/p>\n<p>Xabi hizo este d\u00eda 26,27 km, mientras que \u00cd\u00f1igo se qued\u00f3 en 25,58. Unido esto a los puntos de liderazgo, hizo que Xabi se quedase a tan solo 9 puntos, a falta de la manga del domingo. Emoci\u00f3n al l\u00edmite!!!<\/p>\n<p>&nbsp;<\/p>\n<p>Aqu\u00ed puedes ver la repetici\u00f3n de la manga<\/p>\n<p>&nbsp;<a href=\"https:\/\/www.livetrack24.com\/tasks\/4315\" target=\"_blank\" rel=\"noopener\"><img loading=\"lazy\" decoding=\"async\" class=\"alignnone wp-image-3050\" src=\"http:\/\/alasdeleyre.com\/wp-content\/uploads\/2018\/09\/2018-09-18-23-40-01.jpg\" alt=\"\" width=\"402\" height=\"235\" srcset=\"https:\/\/alasdeleyre.com\/wp-content\/uploads\/2018\/09\/2018-09-18-23-40-01.jpg 592w, https:\/\/alasdeleyre.com\/wp-content\/uploads\/2018\/09\/2018-09-18-23-40-01-300x175.jpg 300w\" sizes=\"auto, (max-width: 402px) 100vw, 402px\" \/><\/a><\/p>\n<p>&nbsp;<\/p>\n<p>El domingo ten\u00eda que ser el d\u00eda que decidiese la liga y que, adem\u00e1s, nos dejara un buen gol, con buena distancia, para ecrarra el a\u00f1o decentemente, que este a\u00f1o Arangoiti, no sabemos qu\u00e9 ha pasado, pero nos ha fallado bastante.<\/p>\n<p>&nbsp;<\/p>\n<p>Ya en el despegue el domingo, 55 pilotos.<\/p>\n<p>La prueba, esta vez, era con gol en Jaca. Pero no era la manga t\u00edpica, hab\u00eda una novedad, y era que la prueba discurr\u00eda por la arte sur de la Canal de Berd\u00fan.<\/p>\n<p><a href=\"http:\/\/alasdeleyre.com\/wp-content\/uploads\/2018\/09\/2018-09-18-23-58-18-10.jpg\"><img loading=\"lazy\" decoding=\"async\" class=\"alignleft wp-image-3055\" src=\"http:\/\/alasdeleyre.com\/wp-content\/uploads\/2018\/09\/2018-09-18-23-58-18-10.jpg\" alt=\"\" width=\"428\" height=\"225\" srcset=\"https:\/\/alasdeleyre.com\/wp-content\/uploads\/2018\/09\/2018-09-18-23-58-18-10.jpg 996w, https:\/\/alasdeleyre.com\/wp-content\/uploads\/2018\/09\/2018-09-18-23-58-18-10-300x158.jpg 300w, https:\/\/alasdeleyre.com\/wp-content\/uploads\/2018\/09\/2018-09-18-23-58-18-10-768x404.jpg 768w\" sizes=\"auto, (max-width: 428px) 100vw, 428px\" \/><\/a><\/p>\n<p>La preisi\u00f3n m\u00e9teo, que hablaba de alguna posiblidadad de que entrase norte, unidoa&nbsp; las ganas de hacer alguna novedad en la manga, hizo que esta fuera: Depegue, SP en el v\u00e9rtice, baliza en Puente a Reina, baliza en Pe\u00f1a oroel (con radio grande) y gol en nel Eroski de Jaca.<\/p>\n<p>La primera \u00abcosa rara\u00bb fue que no hac\u00edamos la tradicional ida y vuelta al despegue por la ladera (por aqu\u00e9llo de evitar una entrada de viento norte, que ya nos dej\u00f3 escaldados la anterior prueba en Arangoiti).. Y luego, a volar por el valle, por el sur del aer\u00f3dromo (otra parte a vitar sobrevolar).<a href=\"http:\/\/alasdeleyre.com\/wp-content\/uploads\/2018\/09\/2018-09-18-23-58-18-9.jpg\"><img loading=\"lazy\" decoding=\"async\" class=\"alignnone wp-image-3054\" src=\"http:\/\/alasdeleyre.com\/wp-content\/uploads\/2018\/09\/2018-09-18-23-58-18-9.jpg\" alt=\"\" width=\"350\" height=\"198\" srcset=\"https:\/\/alasdeleyre.com\/wp-content\/uploads\/2018\/09\/2018-09-18-23-58-18-9.jpg 697w, https:\/\/alasdeleyre.com\/wp-content\/uploads\/2018\/09\/2018-09-18-23-58-18-9-300x170.jpg 300w\" sizes=\"auto, (max-width: 350px) 100vw, 350px\" \/><\/a><\/p>\n<p>La idea era interesante, y la previsi\u00f3n auguruba un buen d\u00eda.<\/p>\n<p>Comenz\u00f3 la carrera, a toda pastilla. \u00cd\u00f1igo y Xabi bien juntos, en cabeza, aunque Xabi siempre un poco por delante, que sabe correr m\u00e1s.<\/p>\n<p>Llegados a Orba, falt\u00f3 esa t\u00e9rmica que catapulta a todo el mundo, y&nbsp; nos acreca a la siguiente.<br \/>\nLa cabeza de carrera se tir\u00f3 sin apenas altura, justamente la de la cresta, y&#8230; as\u00ed fue la cosa.&nbsp;<\/p>\n<p>A pesar de ir una docena de pilotos, nadie consigui\u00f3 salvarse de la quema.<\/p>\n<p>\u00bfNadie?, no, un peque\u00f1o poblado&#8230; (para, para, que esto es d eotro sitio), un par de pilotos decidieron darse la vuelta, y probarlo con m\u00e1s clama: Jose F\u00e9lix y Diego.<\/p>\n<p>Al segundo intento consiguieron m\u00e1s techo (tampoco mucho), y giraron alguna cosilla en el valle, que les acerc\u00f3 a la baliza. Y pincharon sin hacerla.<\/p>\n<p>M\u00e1s tarde lleg\u00f3 tambi\u00e9n Ander Lasa, que se puso segundo en la prueba, entre los 2 anteriores.<\/p>\n<p>La manga se la lleva Jose F\u00e9lix, pero, de nuevo, nadie en gol. El valle no tiraba como estaba esperado.<\/p>\n<p>As\u00ed nos cuenta c\u00f3mo la vivi\u00f3<\/p>\n<p><iframe loading=\"lazy\" title=\"Liga Norte 2018 - Jose F\u00e9lix Hormaetxe, ganador manga 16 septiembre - Arangoiti\" width=\"500\" height=\"281\" src=\"https:\/\/www.youtube.com\/embed\/M5CWaEQg7hs?feature=oembed\" frameborder=\"0\" allow=\"accelerometer; autoplay; clipboard-write; encrypted-media; gyroscope; picture-in-picture; web-share\" referrerpolicy=\"strict-origin-when-cross-origin\" allowfullscreen><\/iframe><\/p>\n<p>&nbsp;<\/p>\n<p><a href=\"http:\/\/alasdeleyre.com\/wp-content\/uploads\/2018\/09\/41925135_10218142667264701_8385071768741609472_o-e1537308557977.jpg\"><img loading=\"lazy\" decoding=\"async\" class=\"wp-image-3061 alignleft\" src=\"http:\/\/alasdeleyre.com\/wp-content\/uploads\/2018\/09\/41925135_10218142667264701_8385071768741609472_o-e1537308557977-950x1024.jpg\" alt=\"\" width=\"409\" height=\"441\" srcset=\"https:\/\/alasdeleyre.com\/wp-content\/uploads\/2018\/09\/41925135_10218142667264701_8385071768741609472_o-e1537308557977-950x1024.jpg 950w, https:\/\/alasdeleyre.com\/wp-content\/uploads\/2018\/09\/41925135_10218142667264701_8385071768741609472_o-e1537308557977-278x300.jpg 278w, https:\/\/alasdeleyre.com\/wp-content\/uploads\/2018\/09\/41925135_10218142667264701_8385071768741609472_o-e1537308557977-768x828.jpg 768w, https:\/\/alasdeleyre.com\/wp-content\/uploads\/2018\/09\/41925135_10218142667264701_8385071768741609472_o-e1537308557977.jpg 953w\" sizes=\"auto, (max-width: 409px) 100vw, 409px\" \/><\/a><\/p>\n<p>En cuanto a la general, Xabi adelanta a \u00cd\u00f1igo, al ir por delante en la prueba (\u00cd\u00f1igo lo intent\u00f3, pero no fue capaz de seguirle) y, adem\u00e1s, aterrizar 1 km por delante.<\/p>\n<p>As\u00ed que 34 puntos de diferencia en favor de Xabi, le convierten, al fin!, en campe\u00f3n de la Liga Norte!!!!<\/p>\n<p>Repetici\u00f3n de la manga:<\/p>\n<p><a href=\"https:\/\/www.livetrack24.com\/tasks\/4317\" target=\"_blank\" rel=\"noopener\"><img loading=\"lazy\" decoding=\"async\" class=\"alignnone wp-image-3049\" src=\"http:\/\/alasdeleyre.com\/wp-content\/uploads\/2018\/09\/2018-09-18-23-40-16.jpg\" alt=\"\" width=\"406\" height=\"234\" srcset=\"https:\/\/alasdeleyre.com\/wp-content\/uploads\/2018\/09\/2018-09-18-23-40-16.jpg 594w, https:\/\/alasdeleyre.com\/wp-content\/uploads\/2018\/09\/2018-09-18-23-40-16-300x173.jpg 300w\" sizes=\"auto, (max-width: 406px) 100vw, 406px\" \/><\/a><\/p>\n<p>&nbsp;<\/p>\n<p>&nbsp;<\/p>\n<p>&nbsp;<\/p>\n<p>Ha sido un final de liga realmente emocionante (sobre todo, para los 2 protagonistas). Ni piques ni nada,, deportividad absoluta. Todo se ha quedado aqu\u00ed, en el club. Y, m\u00e1s a\u00fan, en el cogollo de la organizaci\u00f3n de la Liga Norte. \u00a1\u00a1Y sin tongos!!<br \/>\nAs\u00ed que, en el club, estamos realmente contentos con esta pareja (uno m\u00e1s viejo que Do\u00f1a Rogelia, y el otro un chaval, que ya va dejando de ser chaval), adem\u00e1s de la victoria de Diego, que tambi\u00e9n es de Alas de Leyre.<\/p>\n<p>ENHORABUENA A AMBOS!!!<\/p>\n<p>Y enhorabuena al resto de podiums: Diego Echegoyen, que se lleva la categor\u00eda CLUB (tras el cambio de categor\u00eda de vela de Gari, que la ten\u00eda practicamente ganada), Izaskun, que se lleva la de chicas (este a\u00f1o ha habido mucho m\u00e1s nivel que en otras ocasiones, aunque poca cantidad), y Ostargi, que se lleva la de clubes, bien merecido, por su gran presencia en la liga, con muy grandes pilotazos.<\/p>\n<p>&nbsp;<\/p>\n<p>En fin, aqu\u00ed van las clasificaciones de las mangas y de la general. De momento, provisonales.<\/p>\n<p><a href=\"http:\/\/www.alasdeleyre.com\/viejo\/Clasificaciones\/Nacionales\/Liga_norte\/2018\/LIGA_NORTE_2018_M19_ARANGOITI.pdf\" target=\"_blank\" rel=\"noopener\">Manga 9 &#8211; 15 septiembre<\/a><\/p>\n<p><a href=\"http:\/\/www.alasdeleyre.com\/viejo\/Clasificaciones\/Nacionales\/Liga_norte\/2018\/LIGA_NORTE_2018_M20_ARANGOITI.pdf\" target=\"_blank\" rel=\"noopener\">Manga 10 &#8211; 16 septiembre<\/a><\/p>\n<p><a href=\"http:\/\/www.alasdeleyre.com\/viejo\/Clasificaciones\/Nacionales\/Liga_norte\/2018\/LIGA_NORTE_2018_GENERAL.pdf\" target=\"_blank\" rel=\"noopener\">General<\/a><\/p>\n<p><a href=\"http:\/\/alasdeleyre.com\/?page_id=42#2018\" target=\"_blank\" rel=\"noopener\">Todas las clasificaciones<\/a><\/p>\n<p>&nbsp;<\/p>\n<p>Y, c\u00f3mo no, una buena ristra de v\u00eddeos y fotos varias.<\/p>\n<p>A disfrutar!!, y nos vemos en <a href=\"http:\/\/alasdeleyre.com\/?p=2987\" target=\"_blank\" rel=\"noopener\">Belagua<\/a>!<\/p>\n<p>&nbsp;<\/p>\n<p>&nbsp;<\/p>\n<p>S\u00c1BADO<\/p>\n<p><strong>Rakel<\/strong><\/p>\n<div class=\"fb-post\" data-href=\"https:\/\/www.facebook.com\/rakel.albeniz\/posts\/2575840542429892\" data-width=\"552\" style=\"background-color: #fff; display: inline-block;\"><\/div>\n<p>&nbsp;<\/p>\n<p><strong>Arantza<\/strong><\/p>\n<p><a href=\"https:\/\/photos.google.com\/share\/AF1QipP-36fKF1cu3z-JS2avWDH2XkMeBA8007N7QlCXi4ovBT7dQYVS1-ByG_MB0XdSYg?key=Y1FvV2V6OHpiejJtMVBFUjMyNjBJZDhwb1R2dzh3\" target=\"_blank\" rel=\"noopener\"><img loading=\"lazy\" decoding=\"async\" class=\"size-full wp-image-3043 alignnone\" src=\"http:\/\/alasdeleyre.com\/wp-content\/uploads\/2018\/09\/2018-09-18-23-21-31.jpg\" alt=\"\" width=\"490\" height=\"430\" srcset=\"https:\/\/alasdeleyre.com\/wp-content\/uploads\/2018\/09\/2018-09-18-23-21-31.jpg 490w, https:\/\/alasdeleyre.com\/wp-content\/uploads\/2018\/09\/2018-09-18-23-21-31-300x263.jpg 300w\" sizes=\"auto, (max-width: 490px) 100vw, 490px\" \/><\/a><\/p>\n<p>Javi<\/p>\n<p><a href=\"https:\/\/www.facebook.com\/groups\/LigaNorteParapente\/permalink\/2030898473672612\/\" target=\"_blank\" rel=\"noopener\"><img loading=\"lazy\" decoding=\"async\" class=\"size-full wp-image-3044 alignnone\" src=\"http:\/\/alasdeleyre.com\/wp-content\/uploads\/2018\/09\/2018-09-18-23-23-43.jpg\" alt=\"\" width=\"452\" height=\"746\" srcset=\"https:\/\/alasdeleyre.com\/wp-content\/uploads\/2018\/09\/2018-09-18-23-23-43.jpg 452w, https:\/\/alasdeleyre.com\/wp-content\/uploads\/2018\/09\/2018-09-18-23-23-43-182x300.jpg 182w\" sizes=\"auto, (max-width: 452px) 100vw, 452px\" \/><\/a><\/p>\n<p>&nbsp;<\/p>\n<p>&nbsp;<\/p>\n<p>DOMINGO<\/p>\n<p><strong>Ander<\/strong> nos regala este estupendo v\u00eddeo a modo de resumen del a\u00f1o.<br \/>\nMuchas gracias!!!<\/p>\n<p><iframe loading=\"lazy\" title=\"Liga Norte 2018 ultima manga\" src=\"https:\/\/player.vimeo.com\/video\/290742669?dnt=1&amp;app_id=122963\" width=\"500\" height=\"281\" frameborder=\"0\" allow=\"autoplay; fullscreen; picture-in-picture; clipboard-write\"><\/iframe><\/p>\n<p>&nbsp;<\/p>\n<p><strong>La foto cr\u00f3nica de Elliot<\/strong><\/p>\n<div class=\"fb-post\" data-href=\"https:\/\/www.facebook.com\/dherranzelliott\/posts\/1936244993149230\" data-width=\"552\" style=\"background-color: #fff; display: inline-block;\"><\/div>\n<p>&nbsp;<\/p>\n<p>Jose F\u00e9lix<\/p>\n<p>Un mene\u00edllo a Gorka<\/p>\n<div class=\"fb-video\" data-allowfullscreen=\"true\" data-href=\"https:\/\/www.facebook.com\/josefelix.hormaetxe\/videos\/10212117234342261\/\" style=\"background-color: #fff; display: inline-block;\"><\/div>\n<p>https:\/\/www.facebook.com\/media\/set\/?set=oa.2032809626814830&#038;type=3<\/p>\n<p>&nbsp;<\/p>\n","protected":false},"excerpt":{"rendered":"<p>10 mangas despu\u00e9s, termina la Liga Norte 2018. No ha sido el mejor a\u00f1o de nuestra historia en cuanto a calidad de mangas. Y no es culpa nuestra, claro, porque empe\u00f1o ya le ponemos. Pero, es que la m\u00e9teo, no s\u00e9, ha sido rara, rara. Eso s\u00ed, hemos sacado nada menos que 10 mangas, a [&hellip;]<\/p>\n","protected":false},"author":1,"featured_media":0,"comment_status":"open","ping_status":"closed","sticky":false,"template":"","format":"standard","meta":{"ngg_post_thumbnail":0,"jetpack_post_was_ever_published":false,"_jetpack_newsletter_access":"","_jetpack_dont_email_post_to_subs":false,"_jetpack_newsletter_tier_id":0,"_jetpack_memberships_contains_paywalled_content":false,"_jetpack_memberships_contains_paid_content":false,"footnotes":""},"categories":[19,3,13],"tags":[],"class_list":["post-3038","post","type-post","status-publish","format-standard","hentry","category-cronicas","category-liga-norte","category-parapente"],"jetpack_featured_media_url":"","jetpack_sharing_enabled":true,"_links":{"self":[{"href":"https:\/\/alasdeleyre.com\/index.php?rest_route=\/wp\/v2\/posts\/3038","targetHints":{"allow":["GET"]}}],"collection":[{"href":"https:\/\/alasdeleyre.com\/index.php?rest_route=\/wp\/v2\/posts"}],"about":[{"href":"https:\/\/alasdeleyre.com\/index.php?rest_route=\/wp\/v2\/types\/post"}],"author":[{"embeddable":true,"href":"https:\/\/alasdeleyre.com\/index.php?rest_route=\/wp\/v2\/users\/1"}],"replies":[{"embeddable":true,"href":"https:\/\/alasdeleyre.com\/index.php?rest_route=%2Fwp%2Fv2%2Fcomments&post=3038"}],"version-history":[{"count":13,"href":"https:\/\/alasdeleyre.com\/index.php?rest_route=\/wp\/v2\/posts\/3038\/revisions"}],"predecessor-version":[{"id":3063,"href":"https:\/\/alasdeleyre.com\/index.php?rest_route=\/wp\/v2\/posts\/3038\/revisions\/3063"}],"wp:attachment":[{"href":"https:\/\/alasdeleyre.com\/index.php?rest_route=%2Fwp%2Fv2%2Fmedia&parent=3038"}],"wp:term":[{"taxonomy":"category","embeddable":true,"href":"https:\/\/alasdeleyre.com\/index.php?rest_route=%2Fwp%2Fv2%2Fcategories&post=3038"},{"taxonomy":"post_tag","embeddable":true,"href":"https:\/\/alasdeleyre.com\/index.php?rest_route=%2Fwp%2Fv2%2Ftags&post=3038"}],"curies":[{"name":"wp","href":"https:\/\/api.w.org\/{rel}","templated":true}]}}