{"id":4769,"date":"2023-05-18T22:36:48","date_gmt":"2023-05-18T20:36:48","guid":{"rendered":"http:\/\/alasdeleyre.com\/?p=4769"},"modified":"2023-05-19T16:14:06","modified_gmt":"2023-05-19T14:14:06","slug":"liga-norte-2023-20-21-mayo","status":"publish","type":"post","link":"https:\/\/alasdeleyre.com\/?p=4769","title":{"rendered":"LIGA NORTE 2023 \u2013 20-21 Mayo \u2013 A Loarre!"},"content":{"rendered":"<div class=\"wp-block-image\">\n<figure class=\"aligncenter size-large is-resized\"><a href=\"http:\/\/alasdeleyre.com\/wp-content\/uploads\/2023\/05\/image.png\"><img loading=\"lazy\" decoding=\"async\" src=\"http:\/\/alasdeleyre.com\/wp-content\/uploads\/2023\/05\/image-1024x686.png\" alt=\"\" class=\"wp-image-4774\" width=\"676\" height=\"452\" srcset=\"https:\/\/alasdeleyre.com\/wp-content\/uploads\/2023\/05\/image-1024x686.png 1024w, https:\/\/alasdeleyre.com\/wp-content\/uploads\/2023\/05\/image-300x201.png 300w, https:\/\/alasdeleyre.com\/wp-content\/uploads\/2023\/05\/image-768x514.png 768w, https:\/\/alasdeleyre.com\/wp-content\/uploads\/2023\/05\/image.png 1380w\" sizes=\"auto, (max-width: 676px) 100vw, 676px\" \/><\/a><\/figure>\n<\/div>\n\n\n<p>Ahora s\u00ed que s\u00ed<\/p>\n\n\n\n<p>Nos vamos a Loarre,  huir del nortazo de nuestra zona.<\/p>\n\n\n\n<p>Que parece que all\u00ed tenemos un agujero de viento (flipante ver las im\u00e1genes de las previsiones, la verdad), y tendremos oportunidad de sacar, quiz\u00e1s, las 2 mangas.<\/p>\n\n\n<div class=\"wp-block-image\">\n<figure class=\"aligncenter size-large\"><a href=\"http:\/\/alasdeleyre.com\/wp-content\/uploads\/2023\/05\/Animacion-de-viento-Arco-iris_20-m-sobre-el-suelo_ICON-Auto_20230520T1400000200-1.jpeg\"><img loading=\"lazy\" decoding=\"async\" width=\"1024\" height=\"603\" src=\"http:\/\/alasdeleyre.com\/wp-content\/uploads\/2023\/05\/Animacion-de-viento-Arco-iris_20-m-sobre-el-suelo_ICON-Auto_20230520T1400000200-1-1024x603.jpeg\" alt=\"\" class=\"wp-image-4775\" srcset=\"https:\/\/alasdeleyre.com\/wp-content\/uploads\/2023\/05\/Animacion-de-viento-Arco-iris_20-m-sobre-el-suelo_ICON-Auto_20230520T1400000200-1-1024x603.jpeg 1024w, https:\/\/alasdeleyre.com\/wp-content\/uploads\/2023\/05\/Animacion-de-viento-Arco-iris_20-m-sobre-el-suelo_ICON-Auto_20230520T1400000200-1-300x177.jpeg 300w, https:\/\/alasdeleyre.com\/wp-content\/uploads\/2023\/05\/Animacion-de-viento-Arco-iris_20-m-sobre-el-suelo_ICON-Auto_20230520T1400000200-1-768x453.jpeg 768w, https:\/\/alasdeleyre.com\/wp-content\/uploads\/2023\/05\/Animacion-de-viento-Arco-iris_20-m-sobre-el-suelo_ICON-Auto_20230520T1400000200-1-1536x905.jpeg 1536w, https:\/\/alasdeleyre.com\/wp-content\/uploads\/2023\/05\/Animacion-de-viento-Arco-iris_20-m-sobre-el-suelo_ICON-Auto_20230520T1400000200-1.jpeg 1658w\" sizes=\"auto, (max-width: 1024px) 100vw, 1024px\" \/><\/a><\/figure>\n<\/div>\n\n\n<p><\/p>\n\n\n\n<p><\/p>\n\n\n\n<p>As\u00ed que, <strong>a las 10:00 en el camping de Loarre<\/strong>. Puntuales, que el primer d\u00eda del a\u00f1o siempre es m\u00e1s lentorro.<\/p>\n\n\n\n<p>En cuanto a la m\u00e9teo, parece que tendremos SW flojo, con buenos techos, y quiz\u00e1s algo cargadillo de nubes. Pero ya nos arreglaremos con la manga, para hacerla en donde m\u00e1s nos convenga.<\/p>\n\n\n\n<p>Y el domingo?, pues va mejorando por momentos, y creemos que nos puede respetar tambi\u00e9n.<\/p>\n\n\n\n<p><\/p>\n\n\n\n<p>Vamos a intentar espabilar, para que no se nos eche el norte en el despegue. As\u00ed que, por favor, lo m\u00e1s puntuales posible.<\/p>\n\n\n\n<p><\/p>\n\n\n\n<p>Si alguien se quiere ofrecer para hacer subidas o recogidas, estaremos encantados de acogerle (se paga gasofa y al ch\u00f3fer).<\/p>\n\n\n\n<p>Y las balizas, <a href=\"http:\/\/alasdeleyre.com\/?page_id=27\" target=\"_blank\" rel=\"noreferrer noopener\">en la web<\/a>, claro, como siempre.<\/p>\n\n\n\n<p><\/p>\n\n\n\n<p>Venga, nos vemos ma\u00f1ana!!<\/p>\n\n\n\n<p><\/p>\n","protected":false},"excerpt":{"rendered":"<p>Ahora s\u00ed que s\u00ed Nos vamos a Loarre, huir del nortazo de nuestra zona. Que parece que all\u00ed tenemos un agujero de viento (flipante ver las im\u00e1genes de las previsiones, la verdad), y tendremos oportunidad de sacar, quiz\u00e1s, las 2 mangas. As\u00ed que, a las 10:00 en el camping de Loarre. Puntuales, que el primer [&hellip;]<\/p>\n","protected":false},"author":1,"featured_media":0,"comment_status":"open","ping_status":"closed","sticky":false,"template":"","format":"standard","meta":{"ngg_post_thumbnail":0,"jetpack_post_was_ever_published":false,"_jetpack_newsletter_access":"","_jetpack_dont_email_post_to_subs":false,"_jetpack_newsletter_tier_id":0,"_jetpack_memberships_contains_paywalled_content":false,"_jetpack_memberships_contains_paid_content":false,"footnotes":""},"categories":[19,3],"tags":[],"class_list":["post-4769","post","type-post","status-publish","format-standard","hentry","category-cronicas","category-liga-norte"],"jetpack_featured_media_url":"","jetpack_sharing_enabled":true,"_links":{"self":[{"href":"https:\/\/alasdeleyre.com\/index.php?rest_route=\/wp\/v2\/posts\/4769","targetHints":{"allow":["GET"]}}],"collection":[{"href":"https:\/\/alasdeleyre.com\/index.php?rest_route=\/wp\/v2\/posts"}],"about":[{"href":"https:\/\/alasdeleyre.com\/index.php?rest_route=\/wp\/v2\/types\/post"}],"author":[{"embeddable":true,"href":"https:\/\/alasdeleyre.com\/index.php?rest_route=\/wp\/v2\/users\/1"}],"replies":[{"embeddable":true,"href":"https:\/\/alasdeleyre.com\/index.php?rest_route=%2Fwp%2Fv2%2Fcomments&post=4769"}],"version-history":[{"count":5,"href":"https:\/\/alasdeleyre.com\/index.php?rest_route=\/wp\/v2\/posts\/4769\/revisions"}],"predecessor-version":[{"id":4778,"href":"https:\/\/alasdeleyre.com\/index.php?rest_route=\/wp\/v2\/posts\/4769\/revisions\/4778"}],"wp:attachment":[{"href":"https:\/\/alasdeleyre.com\/index.php?rest_route=%2Fwp%2Fv2%2Fmedia&parent=4769"}],"wp:term":[{"taxonomy":"category","embeddable":true,"href":"https:\/\/alasdeleyre.com\/index.php?rest_route=%2Fwp%2Fv2%2Fcategories&post=4769"},{"taxonomy":"post_tag","embeddable":true,"href":"https:\/\/alasdeleyre.com\/index.php?rest_route=%2Fwp%2Fv2%2Ftags&post=4769"}],"curies":[{"name":"wp","href":"https:\/\/api.w.org\/{rel}","templated":true}]}}