{"id":4844,"date":"2023-05-25T20:00:51","date_gmt":"2023-05-25T18:00:51","guid":{"rendered":"http:\/\/alasdeleyre.com\/?p=4844"},"modified":"2023-05-27T07:01:04","modified_gmt":"2023-05-27T05:01:04","slug":"liga-norte-2023-26-27-mayo","status":"publish","type":"post","link":"https:\/\/alasdeleyre.com\/?p=4844","title":{"rendered":"LIGA NORTE 2023 &#8211; 27, 28 Mayo &#8211; ARANGOITI"},"content":{"rendered":"\n<p>Ahora ya la cosa cambia. Ya tenemos la liga empezada, y miramos las cosas de otra manera.<\/p>\n\n\n\n<p>\u00bfSer\u00e1 por eso que la m\u00e9teo parece que empieza a respetarnos?<\/p>\n\n\n\n<p><\/p>\n\n\n\n<p>Lo que sea, pero este finde, se vuela!<br>Y, adem\u00e1s, en casa, en Arangoiti.<\/p>\n\n\n<div class=\"wp-block-image\">\n<figure class=\"aligncenter size-large\"><a href=\"http:\/\/alasdeleyre.com\/wp-content\/uploads\/2023\/05\/photo_2023-05-25_20-10-02.jpg\"><img loading=\"lazy\" decoding=\"async\" width=\"1024\" height=\"768\" src=\"http:\/\/alasdeleyre.com\/wp-content\/uploads\/2023\/05\/photo_2023-05-25_20-10-02-1024x768.jpg\" alt=\"\" class=\"wp-image-4849\" srcset=\"https:\/\/alasdeleyre.com\/wp-content\/uploads\/2023\/05\/photo_2023-05-25_20-10-02-1024x768.jpg 1024w, https:\/\/alasdeleyre.com\/wp-content\/uploads\/2023\/05\/photo_2023-05-25_20-10-02-300x225.jpg 300w, https:\/\/alasdeleyre.com\/wp-content\/uploads\/2023\/05\/photo_2023-05-25_20-10-02-768x576.jpg 768w, https:\/\/alasdeleyre.com\/wp-content\/uploads\/2023\/05\/photo_2023-05-25_20-10-02.jpg 1280w\" sizes=\"auto, (max-width: 1024px) 100vw, 1024px\" \/><\/a><\/figure>\n<\/div>\n\n\n<p>As\u00ed que, s\u00e1bado, a las 10:00, inscripciones en el <a href=\"https:\/\/goo.gl\/maps\/YmVbWHDPDJrqwwEr6?coh=178572&amp;entry=tt\" target=\"_blank\" rel=\"noreferrer noopener\">Iru Bide<\/a>, en Lumbier.<\/p>\n\n\n\n<p>Ojo, que estas <strong>inscripciones se cierran a las 11<\/strong>. Que si no andamos prietos con el tiempo. As\u00ed que, puntuales, por favor.<\/p>\n\n\n\n<p>Ni se te ocurra aparecer sin haber hecho antes la <a href=\"https:\/\/bit.ly\/ln2023i\" target=\"_blank\" rel=\"noreferrer noopener\">inscripci\u00f3n en la web<\/a> (comprueba <a href=\"http:\/\/alasdeleyre.com\/?page_id=2371\" target=\"_blank\" rel=\"noreferrer noopener\">aqu\u00ed<\/a> si ya hab\u00edas hecho la inscripci\u00f3n antes, si no lo tienes claro).<\/p>\n\n\n\n<p>Respecto a la m\u00e9teo, ahora mismo las previsiones son un poco particulares. <br>El <strong>s\u00e1bado <\/strong>techos muy altos. Viento poco habitual en la zona, de SE, en alg\u00fan modelo un poco fuertecillo, pero, en principo, no estar\u00e1 fuerte. As\u00ed que, seguramente podamos hacer algo diferente a lo habitual.<br>El <strong>domingo<\/strong>, bueno, la cosa cambia. Puede que est\u00e9 de norte o de sur. Tambi\u00e9n puede que por la tarde chispee un poco. Pero, bueno, tampoco hace falta que nos quedemos en la zona de Arangoiti para verlo, \u00bfno?<\/p>\n\n\n\n<p><\/p>\n\n\n\n<p>Las balizas son las mismas que las de la semana pasada. Es decir, <a rel=\"noreferrer noopener\" href=\"http:\/\/alasdeleyre.com\/wp-content\/uploads\/balizas\/Arangoiti_Blancas_Loarre.zip\" target=\"_blank\">estas.<\/a><\/p>\n\n\n\n<p>MUY IMPORTANTE, para volar en Arangoiti.<br>En el archivo de balizas est\u00e1 lo necesario para incluir los espacios a\u00e9reos en vuestros GPS.<br>Incluye un archivo KML para abrir en Google Earth (en m\u00f3vil o pc).<br>Hay que respetar las zonas prohibidas, de los nidos de alimoche, y las zonas restringidas de ambas foces, as\u00ed como la de los acantilados de Piedra y San Adrian.<br>Algo m\u00e1s de info <a href=\"https:\/\/docs.google.com\/document\/d\/1XFw8xamqEmgtOqWQS9EBxIF_U-eYK7DAxzVZHMJfErM\/edit?usp=sharing\" target=\"_blank\" rel=\"noreferrer noopener\">aqu\u00ed<\/a><br><\/p>\n\n\n<div class=\"wp-block-image\">\n<figure class=\"aligncenter size-large\"><a href=\"http:\/\/alasdeleyre.com\/wp-content\/uploads\/2023\/05\/image-12.png\"><img loading=\"lazy\" decoding=\"async\" width=\"1024\" height=\"644\" src=\"http:\/\/alasdeleyre.com\/wp-content\/uploads\/2023\/05\/image-12-1024x644.png\" alt=\"\" class=\"wp-image-4861\" srcset=\"https:\/\/alasdeleyre.com\/wp-content\/uploads\/2023\/05\/image-12-1024x644.png 1024w, https:\/\/alasdeleyre.com\/wp-content\/uploads\/2023\/05\/image-12-300x189.png 300w, https:\/\/alasdeleyre.com\/wp-content\/uploads\/2023\/05\/image-12-768x483.png 768w, https:\/\/alasdeleyre.com\/wp-content\/uploads\/2023\/05\/image-12-1536x966.png 1536w, https:\/\/alasdeleyre.com\/wp-content\/uploads\/2023\/05\/image-12.png 1539w\" sizes=\"auto, (max-width: 1024px) 100vw, 1024px\" \/><\/a><figcaption class=\"wp-element-caption\">Restricciones Sierra de Leyre<\/figcaption><\/figure>\n<\/div>\n\n\n<p><\/p>\n\n\n\n<p><\/p>\n\n\n\n<p>Otro recordatorio, el uso del <strong>bot de Telegram<\/strong>: <a rel=\"noreferrer noopener\" href=\"https:\/\/t.me\/Reportes_Liga_Norte_bot\" target=\"_blank\">Reportes Liga Norte<\/a>. Absolutamente imprescidible.<br>\u00bfQue no sabes de qu\u00e9 va?, pues \u00e9chale un vistazo a <a href=\"https:\/\/youtu.be\/T-WJm2mUr1s\" target=\"_blank\" rel=\"noreferrer noopener\">este v\u00eddeo<\/a>.<br><br>Y, ya que estamos, el <a rel=\"noreferrer noopener\" href=\"https:\/\/t.me\/+O5urvxV9qioI1H2B\" target=\"_blank\">Canal oficial de Telegram de la Liga Norte<\/a>, en donde desde la organizaci\u00f3n os comunicamos lo que consideremos poprtuno.<br>Y amigo inseparable de ese canal es el <a rel=\"noreferrer noopener\" href=\"https:\/\/t.me\/+jZJqIYa-ra5kOGE0\" target=\"_blank\">grupo de Pilotos de Liga Norte<\/a>. A donde va todo lo del canal, m\u00e1s lo que se hable entre pilotos.<br>Imprescidible para organizarse de cara a las recogidas.<\/p>\n\n\n\n<p><\/p>\n\n\n\n<p>\u00bfY qu\u00e9 m\u00e1s decir?, pues nada, que nos vemos el s\u00e1bado para disfrutar de un finde potentorro.<\/p>\n","protected":false},"excerpt":{"rendered":"<p>Ahora ya la cosa cambia. Ya tenemos la liga empezada, y miramos las cosas de otra manera. \u00bfSer\u00e1 por eso que la m\u00e9teo parece que empieza a respetarnos? Lo que sea, pero este finde, se vuela!Y, adem\u00e1s, en casa, en Arangoiti. As\u00ed que, s\u00e1bado, a las 10:00, inscripciones en el Iru Bide, en Lumbier. Ojo, [&hellip;]<\/p>\n","protected":false},"author":1,"featured_media":0,"comment_status":"open","ping_status":"closed","sticky":false,"template":"","format":"standard","meta":{"ngg_post_thumbnail":0,"jetpack_post_was_ever_published":false,"_jetpack_newsletter_access":"","_jetpack_dont_email_post_to_subs":false,"_jetpack_newsletter_tier_id":0,"_jetpack_memberships_contains_paywalled_content":false,"_jetpack_memberships_contains_paid_content":false,"footnotes":""},"categories":[3,13,17],"tags":[],"class_list":["post-4844","post","type-post","status-publish","format-standard","hentry","category-liga-norte","category-parapente","category-rapeladas"],"jetpack_featured_media_url":"","jetpack_sharing_enabled":true,"_links":{"self":[{"href":"https:\/\/alasdeleyre.com\/index.php?rest_route=\/wp\/v2\/posts\/4844","targetHints":{"allow":["GET"]}}],"collection":[{"href":"https:\/\/alasdeleyre.com\/index.php?rest_route=\/wp\/v2\/posts"}],"about":[{"href":"https:\/\/alasdeleyre.com\/index.php?rest_route=\/wp\/v2\/types\/post"}],"author":[{"embeddable":true,"href":"https:\/\/alasdeleyre.com\/index.php?rest_route=\/wp\/v2\/users\/1"}],"replies":[{"embeddable":true,"href":"https:\/\/alasdeleyre.com\/index.php?rest_route=%2Fwp%2Fv2%2Fcomments&post=4844"}],"version-history":[{"count":12,"href":"https:\/\/alasdeleyre.com\/index.php?rest_route=\/wp\/v2\/posts\/4844\/revisions"}],"predecessor-version":[{"id":4869,"href":"https:\/\/alasdeleyre.com\/index.php?rest_route=\/wp\/v2\/posts\/4844\/revisions\/4869"}],"wp:attachment":[{"href":"https:\/\/alasdeleyre.com\/index.php?rest_route=%2Fwp%2Fv2%2Fmedia&parent=4844"}],"wp:term":[{"taxonomy":"category","embeddable":true,"href":"https:\/\/alasdeleyre.com\/index.php?rest_route=%2Fwp%2Fv2%2Fcategories&post=4844"},{"taxonomy":"post_tag","embeddable":true,"href":"https:\/\/alasdeleyre.com\/index.php?rest_route=%2Fwp%2Fv2%2Ftags&post=4844"}],"curies":[{"name":"wp","href":"https:\/\/api.w.org\/{rel}","templated":true}]}}