{"id":5107,"date":"2024-03-21T23:56:20","date_gmt":"2024-03-21T22:56:20","guid":{"rendered":"http:\/\/alasdeleyre.com\/?p=5107"},"modified":"2024-03-22T17:07:19","modified_gmt":"2024-03-22T16:07:19","slug":"liga-norte-2024","status":"publish","type":"post","link":"https:\/\/alasdeleyre.com\/?p=5107","title":{"rendered":"LIGA NORTE 2024 &#8211; 23, 24 marzo &#8211; RIBAFRECHA"},"content":{"rendered":"\r\n<p>Pues s\u00ed, tras una semana de m\u00e9teo gloriosa por todas partes, llega el finde y\u2026., la cosa se cae bastante.<br \/>Si es que, por estad\u00edstica, ten\u00eda que pasar, est\u00e1 claro.<\/p>\r\n\r\n\r\n<div class=\"wp-block-image\">\r\n<figure class=\"aligncenter size-large\"><a href=\"https:\/\/www.facebook.com\/media\/set\/?set=oa.3005827249744674&amp;type=3\" target=\"_blank\" rel=\"noreferrer noopener\"><img loading=\"lazy\" decoding=\"async\" width=\"1024\" height=\"675\" class=\"wp-image-5118\" src=\"http:\/\/alasdeleyre.com\/wp-content\/uploads\/2024\/03\/image-1024x675.png\" alt=\"\" srcset=\"https:\/\/alasdeleyre.com\/wp-content\/uploads\/2024\/03\/image-1024x675.png 1024w, https:\/\/alasdeleyre.com\/wp-content\/uploads\/2024\/03\/image-300x198.png 300w, https:\/\/alasdeleyre.com\/wp-content\/uploads\/2024\/03\/image-768x506.png 768w, https:\/\/alasdeleyre.com\/wp-content\/uploads\/2024\/03\/image-1536x1013.png 1536w, https:\/\/alasdeleyre.com\/wp-content\/uploads\/2024\/03\/image.png 1565w\" sizes=\"auto, (max-width: 1024px) 100vw, 1024px\" \/><\/a><\/figure>\r\n<\/div>\r\n\r\n\r\n<p>Pero ya estamos de vuelta este 2024, y, lo mismo volamos el finde!\u00bb<\/p>\r\n\r\n\r\n\r\n<p>Mantenemos lo de <strong>Ribafrecha<\/strong>.<br \/>La m\u00e9teo ha mejorado un poco, en general, en varios sitios.<br \/>Pero pensamos que el m\u00e1s seguro es Ribafrecha.<br \/>En principio para los 2 d\u00edas. Pero tendremos un ojo atentos a Genevilla, por si el domingo cambiamos.<\/p>\r\n\r\n\r\n\r\n<p>As\u00ed que, <strong>a las 10 en el <a href=\"https:\/\/maps.app.goo.gl\/6zriNJnNB2CqkUZv7\" target=\"_blank\" rel=\"noreferrer noopener\">Bar Nico<\/a><\/strong>, en Ribafrecha.<\/p>\r\n\r\n\r\n\r\n<p>Este a\u00f1o vamos a intentar hacer las pruebas con trackers. Y ello implica un extra de organizaci\u00f3n que, veremos c\u00f3mo se nos da.<br \/>Si alguien tiene un Flymaster Live, puede evitarse usar el tracker. Pero necesitaremos el n\u00famero de serie.<\/p>\r\n\r\n\r\n\r\n<p>Por favor, intentad ser puntuales, que el foll\u00f3n organizativo que tendremos ser\u00e1 importante. M\u00e1s a\u00fan siendo la primera prueba del a\u00f1o.<br \/>En previsi\u00f3n de que el tema de los trackers no nos salga bien, mantendremos el sistema tradicional de Livetrack24. Es decir, tienes que tener certeza de que tu vuelo queda registrado en Livetrack24. Usa la app que te apetezca (recomendadas XCGuide en Android y FlySkyHigh en iOS). O, si tiene sun live, puedes vincularlo con tu cuenta de LT24.<\/p>\r\n<p>Hemos revisado el <a href=\"http:\/\/alasdeleyre.com\/wp-content\/uploads\/2024\/03\/REGLAMENTO_LIGA_NORTE_2024.pdf\" target=\"_blank\" rel=\"noopener\">reglamento<\/a> antes de lanzar la liga, pod\u00e9is consultarlas donde siempre, en la <a href=\"http:\/\/alasdeleyre.com\/wp-content\/uploads\/2024\/03\/REGLAMENTO_LIGA_NORTE_2024.pdf\">WEB<\/a>, como novedad esta el uso de trackers, el empleo de un 30% FTV en vez de los cl\u00e1sicos descartes y detalles de actualizaciones a las bases seg\u00fan normativas de la FAE y FAI.<\/p>\r\n\r\n\r\n\r\n<p>Recordad (otra vez) que ten\u00e9is que haber hecho la <a href=\"https:\/\/bit.ly\/ln2024i\" target=\"_blank\" rel=\"noreferrer noopener\">inscripci\u00f3n<\/a> en la web, y las <a href=\"http:\/\/alasdeleyre.com\/?page_id=27\" target=\"_blank\" rel=\"noreferrer noopener\">balizas<\/a> ya cargaditas en vuestros aparatos (multaza de 2 \u20ac a quien nos pida carg\u00e1rselas all\u00ed).<br \/>Para ver si ya te has inscrito, mira <a href=\"http:\/\/alasdeleyre.com\/?page_id=2371\" target=\"_blank\" rel=\"noreferrer noopener\">aqu\u00ed<\/a>.<\/p>\r\n\r\n\r\n\r\n<p>Y, poco m\u00e1s, ma\u00f1ana nos vemos en esta primera prueba tempranera del a\u00f1o<\/p>\r\n\r\n\r\n\r\n<p>&nbsp;<\/p>\r\n","protected":false},"excerpt":{"rendered":"<p>Pues s\u00ed, tras una semana de m\u00e9teo gloriosa por todas partes, llega el finde y\u2026., la cosa se cae bastante.Si es que, por estad\u00edstica, ten\u00eda que pasar, est\u00e1 claro. Pero ya estamos de vuelta este 2024, y, lo mismo volamos el finde!\u00bb Mantenemos lo de Ribafrecha.La m\u00e9teo ha mejorado un poco, en general, en varios [&hellip;]<\/p>\n","protected":false},"author":1,"featured_media":0,"comment_status":"open","ping_status":"closed","sticky":false,"template":"","format":"standard","meta":{"ngg_post_thumbnail":0,"jetpack_post_was_ever_published":false,"_jetpack_newsletter_access":"","_jetpack_dont_email_post_to_subs":false,"_jetpack_newsletter_tier_id":0,"_jetpack_memberships_contains_paywalled_content":false,"_jetpack_memberships_contains_paid_content":false,"footnotes":""},"categories":[13],"tags":[],"class_list":["post-5107","post","type-post","status-publish","format-standard","hentry","category-parapente"],"jetpack_featured_media_url":"","jetpack_sharing_enabled":true,"_links":{"self":[{"href":"https:\/\/alasdeleyre.com\/index.php?rest_route=\/wp\/v2\/posts\/5107","targetHints":{"allow":["GET"]}}],"collection":[{"href":"https:\/\/alasdeleyre.com\/index.php?rest_route=\/wp\/v2\/posts"}],"about":[{"href":"https:\/\/alasdeleyre.com\/index.php?rest_route=\/wp\/v2\/types\/post"}],"author":[{"embeddable":true,"href":"https:\/\/alasdeleyre.com\/index.php?rest_route=\/wp\/v2\/users\/1"}],"replies":[{"embeddable":true,"href":"https:\/\/alasdeleyre.com\/index.php?rest_route=%2Fwp%2Fv2%2Fcomments&post=5107"}],"version-history":[{"count":7,"href":"https:\/\/alasdeleyre.com\/index.php?rest_route=\/wp\/v2\/posts\/5107\/revisions"}],"predecessor-version":[{"id":5122,"href":"https:\/\/alasdeleyre.com\/index.php?rest_route=\/wp\/v2\/posts\/5107\/revisions\/5122"}],"wp:attachment":[{"href":"https:\/\/alasdeleyre.com\/index.php?rest_route=%2Fwp%2Fv2%2Fmedia&parent=5107"}],"wp:term":[{"taxonomy":"category","embeddable":true,"href":"https:\/\/alasdeleyre.com\/index.php?rest_route=%2Fwp%2Fv2%2Fcategories&post=5107"},{"taxonomy":"post_tag","embeddable":true,"href":"https:\/\/alasdeleyre.com\/index.php?rest_route=%2Fwp%2Fv2%2Ftags&post=5107"}],"curies":[{"name":"wp","href":"https:\/\/api.w.org\/{rel}","templated":true}]}}