{"id":5201,"date":"2024-05-02T22:58:17","date_gmt":"2024-05-02T20:58:17","guid":{"rendered":"https:\/\/alasdeleyre.com\/?p=5201"},"modified":"2024-09-17T19:31:30","modified_gmt":"2024-09-17T17:31:30","slug":"liga-norte-2024-4-5-mayo-anulada","status":"publish","type":"post","link":"https:\/\/alasdeleyre.com\/?p=5201","title":{"rendered":"LIGA NORTE 2024 &#8211; 4, 5 Mayo &#8211; Anulada"},"content":{"rendered":"\n<p>Antes que la manga de Liga Norte, nos pide el cuerpo felicitar a Mattin, por su <a href=\"https:\/\/www.xcontest.org\/world\/en\/flights\/detail:mattin\/2.05.2024\/09:00\" target=\"_blank\" rel=\"noreferrer noopener\">fant\u00e1stico vuelo del d\u00eda 2<\/a>.<br>Ya le pediremos explicaciones al respecto!<\/p>\n\n\n\n<figure class=\"wp-block-image size-large\"><a href=\"https:\/\/alasdeleyre.com\/wp-content\/uploads\/2024\/05\/Mattinator.jpg\"><img loading=\"lazy\" decoding=\"async\" width=\"1024\" height=\"576\" src=\"https:\/\/alasdeleyre.com\/wp-content\/uploads\/2024\/05\/Mattinator-1024x576.jpg\" alt=\"\" class=\"wp-image-5202\" srcset=\"https:\/\/alasdeleyre.com\/wp-content\/uploads\/2024\/05\/Mattinator-1024x576.jpg 1024w, https:\/\/alasdeleyre.com\/wp-content\/uploads\/2024\/05\/Mattinator-300x169.jpg 300w, https:\/\/alasdeleyre.com\/wp-content\/uploads\/2024\/05\/Mattinator-768x432.jpg 768w, https:\/\/alasdeleyre.com\/wp-content\/uploads\/2024\/05\/Mattinator-1536x864.jpg 1536w, https:\/\/alasdeleyre.com\/wp-content\/uploads\/2024\/05\/Mattinator.jpg 1640w\" sizes=\"auto, (max-width: 1024px) 100vw, 1024px\" \/><\/a><\/figure>\n\n\n\n<p><\/p>\n\n\n\n<p>Despu\u00e9s de un d\u00eda de emociones con Mattin y su fant\u00e1stico vuelo (\u00a1\u00a1enhorabuenaaaa!!), toca volver al mundo real, y ver qu\u00e9 pasa con el finde de Liga Norte.<\/p>\n\n\n\n<p>Venimos de una situaci\u00f3n dura, la peor. Pero hay que seguir adelante, siempre teniendo un emocinado recuerdo a Fernando, al que no olvidaremos, por supuesto.<br>Se avecinan peque\u00f1os cambios en la Liga, que confiamos en que ayuden a mejorar la seguridad para todos.<br>Ya os iremos contando.<\/p>\n\n\n\n<p>Pero, bueno, volvemos a la manga del finde.<br>La m\u00e9teo se tuerce.<br>El <strong>s\u00e1bado<\/strong>, desde ya mismo, <strong>anulamos<\/strong>.<br>Y el <strong>domingo<\/strong>, aunque hemos intentado aplazar la decisi\u00f3n para ver si colaba, no, no ha colado. As\u00ed que, anulado tambi\u00e9n.<\/p>\n\n\n\n<p>Una consecuencia de la anulaci\u00f3n es que ya se activa la prueba de la semana que viene, el 11 y 12 de mayo.<\/p>\n\n\n\n<p><br>Si piensas que vas a venir a alguna manga, y a\u00fan no te has inscrito en la Liga Norte, hazlo, pero <a href=\"https:\/\/bit.ly\/ln2024i\" target=\"_blank\" rel=\"noreferrer noopener\">hazlo ya<\/a>!. Es importante para evitar p\u00e9rdidas de tiempo.<br>Si no sabes si ya has hecho la inscripci\u00f3n, puedes verlo <a href=\"http:\/\/alasdeleyre.com\/?page_id=2371\" target=\"_blank\" rel=\"noreferrer noopener\">aqu\u00ed<\/a>.<\/p>\n\n\n\n<p>Otro recordatorio, el uso del&nbsp;<strong>bot de Telegram<\/strong>:&nbsp;<a rel=\"noreferrer noopener\" href=\"https:\/\/t.me\/Reportes_Liga_Norte_bot\" target=\"_blank\">Reportes Liga Norte<\/a>. Absolutamente imprescidible.<br>\u00bfQue no sabes de qu\u00e9 va?, pues \u00e9chale un vistazo a&nbsp;<a rel=\"noreferrer noopener\" href=\"https:\/\/youtu.be\/T-WJm2mUr1s\" target=\"_blank\">este v\u00eddeo<\/a>.<br><br>Y, ya que estamos, el&nbsp;<a rel=\"noreferrer noopener\" href=\"https:\/\/t.me\/+O5urvxV9qioI1H2B\" target=\"_blank\">Canal oficial de Telegram de la Liga Norte<\/a>, en donde desde la organizaci\u00f3n os comunicamos lo que consideremos poprtuno.<br>Y amigo inseparable de ese canal es el&nbsp;<a rel=\"noreferrer noopener\" href=\"https:\/\/t.me\/+jZJqIYa-ra5kOGE0\" target=\"_blank\">grupo de Pilotos<\/a><\/p>\n","protected":false},"excerpt":{"rendered":"<p>Antes que la manga de Liga Norte, nos pide el cuerpo felicitar a Mattin, por su fant\u00e1stico vuelo del d\u00eda 2.Ya le pediremos explicaciones al respecto! Despu\u00e9s de un d\u00eda de emociones con Mattin y su fant\u00e1stico vuelo (\u00a1\u00a1enhorabuenaaaa!!), toca volver al mundo real, y ver qu\u00e9 pasa con el finde de Liga Norte. Venimos [&hellip;]<\/p>\n","protected":false},"author":1,"featured_media":0,"comment_status":"open","ping_status":"closed","sticky":false,"template":"","format":"standard","meta":{"ngg_post_thumbnail":0,"jetpack_post_was_ever_published":false,"_jetpack_newsletter_access":"","_jetpack_dont_email_post_to_subs":false,"_jetpack_newsletter_tier_id":0,"_jetpack_memberships_contains_paywalled_content":false,"_jetpack_memberships_contains_paid_content":false,"footnotes":""},"categories":[1,3,13],"tags":[],"class_list":["post-5201","post","type-post","status-publish","format-standard","hentry","category-club","category-liga-norte","category-parapente"],"jetpack_featured_media_url":"","jetpack_sharing_enabled":true,"_links":{"self":[{"href":"https:\/\/alasdeleyre.com\/index.php?rest_route=\/wp\/v2\/posts\/5201","targetHints":{"allow":["GET"]}}],"collection":[{"href":"https:\/\/alasdeleyre.com\/index.php?rest_route=\/wp\/v2\/posts"}],"about":[{"href":"https:\/\/alasdeleyre.com\/index.php?rest_route=\/wp\/v2\/types\/post"}],"author":[{"embeddable":true,"href":"https:\/\/alasdeleyre.com\/index.php?rest_route=\/wp\/v2\/users\/1"}],"replies":[{"embeddable":true,"href":"https:\/\/alasdeleyre.com\/index.php?rest_route=%2Fwp%2Fv2%2Fcomments&post=5201"}],"version-history":[{"count":2,"href":"https:\/\/alasdeleyre.com\/index.php?rest_route=\/wp\/v2\/posts\/5201\/revisions"}],"predecessor-version":[{"id":5207,"href":"https:\/\/alasdeleyre.com\/index.php?rest_route=\/wp\/v2\/posts\/5201\/revisions\/5207"}],"wp:attachment":[{"href":"https:\/\/alasdeleyre.com\/index.php?rest_route=%2Fwp%2Fv2%2Fmedia&parent=5201"}],"wp:term":[{"taxonomy":"category","embeddable":true,"href":"https:\/\/alasdeleyre.com\/index.php?rest_route=%2Fwp%2Fv2%2Fcategories&post=5201"},{"taxonomy":"post_tag","embeddable":true,"href":"https:\/\/alasdeleyre.com\/index.php?rest_route=%2Fwp%2Fv2%2Ftags&post=5201"}],"curies":[{"name":"wp","href":"https:\/\/api.w.org\/{rel}","templated":true}]}}