{"id":5211,"date":"2024-05-09T17:14:16","date_gmt":"2024-05-09T15:14:16","guid":{"rendered":"https:\/\/alasdeleyre.com\/?p=5211"},"modified":"2024-05-11T10:49:11","modified_gmt":"2024-05-11T08:49:11","slug":"liga-norte-2024-11-12-mayo","status":"publish","type":"post","link":"https:\/\/alasdeleyre.com\/?p=5211","title":{"rendered":"LIGA NORTE 2024 &#8211; 12 Mayo &#8211; Arangoiti"},"content":{"rendered":"\n<p>\u00bfC\u00f3mo est\u00e1n los \u00e1nimos? para nosotros han sido d\u00edas dif\u00edciles, es dif\u00edcil encontrar las palabras adecuadas en momentos como estos. Nuestro amigo Fernando nos dej\u00f3 durante la \u00faltima competici\u00f3n de parapente, y su ausencia deja un vac\u00edo imposible de llenar.<\/p>\n\n\n<div class=\"wp-block-image\">\n<figure class=\"aligncenter size-full\"><a href=\"https:\/\/alasdeleyre.com\/wp-content\/uploads\/2024\/05\/inMemorian-Fernando.jpg\"><img loading=\"lazy\" decoding=\"async\" width=\"683\" height=\"894\" src=\"https:\/\/alasdeleyre.com\/wp-content\/uploads\/2024\/05\/inMemorian-Fernando.jpg\" alt=\"\" class=\"wp-image-5217\" srcset=\"https:\/\/alasdeleyre.com\/wp-content\/uploads\/2024\/05\/inMemorian-Fernando.jpg 683w, https:\/\/alasdeleyre.com\/wp-content\/uploads\/2024\/05\/inMemorian-Fernando-229x300.jpg 229w\" sizes=\"auto, (max-width: 683px) 100vw, 683px\" \/><\/a><\/figure>\n<\/div>\n\n\n<p>Pero entendemos que hay que seguir para adelante, era su pasi\u00f3n, es nuestra pasi\u00f3n volar. No hay mejor manera de honrar su memoria que seguir haciendo lo que m\u00e1s amaba: \u00a1volar! <\/p>\n\n\n\n<p>Hemos planeado ofrecer la devoluci\u00f3n de la manga del pasado domingo en la siguiente prueba que consigamos convocar, a los pilotos que ya estabais inscritos en la manga cancelada no os cobraremos la inscripci\u00f3n.<\/p>\n\n\n\n<p>\u00bfY a d\u00f3nde nos vamos el domingo 12?. A <strong>ARANGOITI<\/strong>.<br>Quedamos en Lumbier, en el <a href=\"https:\/\/maps.app.goo.gl\/wQ62Yy1vmmC3xF3t5\" target=\"_blank\" rel=\"noreferrer noopener\">Iru Bide<\/a>, a las <strong>10:00<\/strong>, como clavos, que ya sab\u00e9is que el rollo de los trackers trae cola.<br><\/p>\n\n\n\n<p>Acordaos de hacer la <a href=\"https:\/\/maps.app.goo.gl\/UF3yXZt3cxfv8o218\" data-type=\"link\" data-id=\"https:\/\/maps.app.goo.gl\/UF3yXZt3cxfv8o218\" target=\"_blank\" rel=\"noreferrer noopener\">inscripci\u00f3n<\/a> si no la hab\u00e9is hecho ya. La inscripci\u00f3n en las horas previas a la manga o en la madrugada anterior nos descojona el sistema. La inscripci\u00f3n es para meter los datos para todo el a\u00f1o, y no implica que veng\u00e1is a volar, as\u00ed que por favor hacedlo con tiempo.<\/p>\n\n\n\n<p>Y el resto de tareas que ten\u00e9is que hacer y no dejar:<\/p>\n\n\n\n<ul class=\"wp-block-list\">\n<li><a href=\"https:\/\/alasdeleyre.com\/wp-content\/uploads\/balizas\/Arangoiti_Blancas_Loarre.zip\" target=\"_blank\" rel=\"noreferrer noopener\">Balizas<\/a> actualizadas<\/li>\n\n\n\n<li>Entender bien las <a href=\"https:\/\/docs.google.com\/document\/d\/1XFw8xamqEmgtOqWQS9EBxIF_U-eYK7DAxzVZHMJfErM\/edit?usp=sharing\" target=\"_blank\" rel=\"noreferrer noopener\">limitaciones<\/a><\/li>\n\n\n\n<li>El bot de <a href=\"https:\/\/t.me\/Reportes_Liga_Norte_bot\" target=\"_blank\" rel=\"noreferrer noopener\">Reportes de Liga Norte<\/a> en vuestro Telegram (aqu\u00ed el <a href=\"https:\/\/youtu.be\/T-WJm2mUr1s\" target=\"_blank\" rel=\"noreferrer noopener\">v\u00eddeo<\/a> explicando c\u00f3mo va)<\/li>\n\n\n\n<li>Apuntaros al <a href=\"https:\/\/t.me\/+O5urvxV9qioI1H2B\" target=\"_blank\" rel=\"noreferrer noopener\">canal de Telegram de Liga Norte<\/a>, o a su colega, el <a href=\"https:\/\/t.me\/+jZJqIYa-ra5kOGE0\" target=\"_blank\" rel=\"noreferrer noopener\">grupo de Pilotos de Liga Norte<\/a><\/li>\n<\/ul>\n\n\n\n<p><\/p>\n\n\n\n<p><\/p>\n\n\n\n<p>Nos vemos en Lumbier!<\/p>\n\n\n\n<p><\/p>\n","protected":false},"excerpt":{"rendered":"<p>\u00bfC\u00f3mo est\u00e1n los \u00e1nimos? para nosotros han sido d\u00edas dif\u00edciles, es dif\u00edcil encontrar las palabras adecuadas en momentos como estos. Nuestro amigo Fernando nos dej\u00f3 durante la \u00faltima competici\u00f3n de parapente, y su ausencia deja un vac\u00edo imposible de llenar. Pero entendemos que hay que seguir para adelante, era su pasi\u00f3n, es nuestra pasi\u00f3n volar. [&hellip;]<\/p>\n","protected":false},"author":6,"featured_media":0,"comment_status":"open","ping_status":"","sticky":false,"template":"","format":"standard","meta":{"ngg_post_thumbnail":0,"jetpack_post_was_ever_published":false,"_jetpack_newsletter_access":"","_jetpack_dont_email_post_to_subs":false,"_jetpack_newsletter_tier_id":0,"_jetpack_memberships_contains_paywalled_content":false,"_jetpack_memberships_contains_paid_content":false,"footnotes":""},"categories":[3,13],"tags":[],"class_list":["post-5211","post","type-post","status-publish","format-standard","hentry","category-liga-norte","category-parapente"],"jetpack_featured_media_url":"","jetpack_sharing_enabled":true,"_links":{"self":[{"href":"https:\/\/alasdeleyre.com\/index.php?rest_route=\/wp\/v2\/posts\/5211","targetHints":{"allow":["GET"]}}],"collection":[{"href":"https:\/\/alasdeleyre.com\/index.php?rest_route=\/wp\/v2\/posts"}],"about":[{"href":"https:\/\/alasdeleyre.com\/index.php?rest_route=\/wp\/v2\/types\/post"}],"author":[{"embeddable":true,"href":"https:\/\/alasdeleyre.com\/index.php?rest_route=\/wp\/v2\/users\/6"}],"replies":[{"embeddable":true,"href":"https:\/\/alasdeleyre.com\/index.php?rest_route=%2Fwp%2Fv2%2Fcomments&post=5211"}],"version-history":[{"count":12,"href":"https:\/\/alasdeleyre.com\/index.php?rest_route=\/wp\/v2\/posts\/5211\/revisions"}],"predecessor-version":[{"id":5229,"href":"https:\/\/alasdeleyre.com\/index.php?rest_route=\/wp\/v2\/posts\/5211\/revisions\/5229"}],"wp:attachment":[{"href":"https:\/\/alasdeleyre.com\/index.php?rest_route=%2Fwp%2Fv2%2Fmedia&parent=5211"}],"wp:term":[{"taxonomy":"category","embeddable":true,"href":"https:\/\/alasdeleyre.com\/index.php?rest_route=%2Fwp%2Fv2%2Fcategories&post=5211"},{"taxonomy":"post_tag","embeddable":true,"href":"https:\/\/alasdeleyre.com\/index.php?rest_route=%2Fwp%2Fv2%2Ftags&post=5211"}],"curies":[{"name":"wp","href":"https:\/\/api.w.org\/{rel}","templated":true}]}}