{"id":5305,"date":"2024-09-24T20:03:42","date_gmt":"2024-09-24T18:03:42","guid":{"rendered":"https:\/\/alasdeleyre.com\/?p=5305"},"modified":"2024-09-24T20:03:42","modified_gmt":"2024-09-24T18:03:42","slug":"xxxiv-concentracion-de-belagua-5-6-octubre","status":"publish","type":"post","link":"https:\/\/alasdeleyre.com\/?p=5305","title":{"rendered":"XXXIV Concentraci\u00f3n de Belagua &#8211; 5, 6 octubre"},"content":{"rendered":"\n<p>34, nada menos.<\/p>\n\n\n\n<figure class=\"wp-block-image size-large\"><a href=\"https:\/\/alasdeleyre.com\/wp-content\/uploads\/2024\/08\/387141418_24589314757322488_5956873885197001900_n.jpg\"><img loading=\"lazy\" decoding=\"async\" width=\"1024\" height=\"525\" src=\"https:\/\/alasdeleyre.com\/wp-content\/uploads\/2024\/08\/387141418_24589314757322488_5956873885197001900_n-1024x525.jpg\" alt=\"\" class=\"wp-image-5343\" srcset=\"https:\/\/alasdeleyre.com\/wp-content\/uploads\/2024\/08\/387141418_24589314757322488_5956873885197001900_n-1024x525.jpg 1024w, https:\/\/alasdeleyre.com\/wp-content\/uploads\/2024\/08\/387141418_24589314757322488_5956873885197001900_n-300x154.jpg 300w, https:\/\/alasdeleyre.com\/wp-content\/uploads\/2024\/08\/387141418_24589314757322488_5956873885197001900_n-768x393.jpg 768w, https:\/\/alasdeleyre.com\/wp-content\/uploads\/2024\/08\/387141418_24589314757322488_5956873885197001900_n-1536x787.jpg 1536w, https:\/\/alasdeleyre.com\/wp-content\/uploads\/2024\/08\/387141418_24589314757322488_5956873885197001900_n.jpg 2048w\" sizes=\"auto, (max-width: 1024px) 100vw, 1024px\" \/><\/a><figcaption class=\"wp-element-caption\">Ambientazo 2023 (foto Rakel)<\/figcaption><\/figure>\n\n\n\n<p>Que s\u00ed, que s\u00ed, ya son 34 ediciones de la Concentraci\u00f3n de Belagua, nada menos! (y eso que el COVID nos rob\u00f3 una)<\/p>\n\n\n\n<p>Y con la misma ilusi\u00f3n de siempre atcamos esta nueva edici\u00f3n. La misma que nos transmitis todos los que, cada a\u00f1o, repond\u00e9is a la convocatoria, sin importar la m\u00e9teo que tengamos.<\/p>\n\n\n\n<p>Este a\u00f1o, el primer finde de octubre cae el 5-6. As\u00ed que, ya sab\u00e9is.<\/p>\n\n\n\n<p>Quedaremos a partir de las 10:00 en el Rinc\u00f3n de Belagua (Mata de Haya).<br>Una vez ah\u00ed, formalizamos inscripciones, os damos el correspondiente ticket para subidas almuerzo, cena, sorteos y&#8230; \u00a1a volar!<\/p>\n\n\n\n<p>Como siempre, almuerzo en el rinc\u00f3n. Pero sin pasarse, que este a\u00f1o otra vez se va a volar un mont\u00f3n.<\/p>\n\n\n\n<p>Para la cena, seguiremos yendo al front\u00f3n de Isaba. Con un servicio de catering que ya en 2023 fue un exitazo. Es m\u00e1s, vamos a repetir el men\u00fa (Ensalada, fritos, chulet\u00f3n, rape&#8230;).<br>\u00a1Ah!, y tendremos en cuenta a los no omn\u00edvoros, por supuesto (indicadlo en el formulario de inscripci\u00f3n).<\/p>\n\n\n\n<p><\/p>\n\n\n\n<p>\u00bfQu\u00e9 toca?, pues rellenar el <strong><a href=\"https:\/\/bit.ly\/Belag24\" data-type=\"link\" data-id=\"https:\/\/bit.ly\/Belag24\" target=\"_blank\" rel=\"noreferrer noopener\">formulario de inscripci\u00f3n<\/a><\/strong>, y pagar. S\u00ed, \u00aby pagar\u00bb, porque la inscripci\u00f3n ser\u00e1 efectiva en el momento que hay\u00e1is cumplido ambos requisitos (que son: rellenar formulario y enviar justificante de inscripci\u00f3n a alasdeleyre@alasdeleyre.com).<br>En el propio formulario ten\u00e9is las instrucciones para poder pagar: transferencia o paypal.<\/p>\n\n\n\n<p>Y, ojo, ten\u00e9is hasta el d\u00eda 29 de septiembre para hacerlo!! Por qu\u00e9?, porque el servicio de catering necesita un tiempo para gestionarlo.<\/p>\n\n\n\n<p>\u00bfQu\u00e9 incluye la inscripci\u00f3n?<\/p>\n\n\n<div class=\"wp-block-image\">\n<figure class=\"alignleft size-full is-resized\"><a href=\"http:\/\/alasdeleyre.com\/wp-content\/uploads\/2023\/09\/image.png\"><img loading=\"lazy\" decoding=\"async\" width=\"640\" height=\"960\" src=\"http:\/\/alasdeleyre.com\/wp-content\/uploads\/2023\/09\/image.png\" alt=\"\" class=\"wp-image-5032\" style=\"width:309px;height:463px\" srcset=\"https:\/\/alasdeleyre.com\/wp-content\/uploads\/2023\/09\/image.png 640w, https:\/\/alasdeleyre.com\/wp-content\/uploads\/2023\/09\/image-200x300.png 200w\" sizes=\"auto, (max-width: 640px) 100vw, 640px\" \/><\/a><\/figure>\n<\/div>\n\n\n<p>El <strong>s\u00e1bado<\/strong> tras las inscripciones en el Rinc\u00f3n de Belagua (Bitxitoza) las subidas al despegue todo el d\u00eda, el almuerzo, las risas de despu\u00e9s, la cena, el sorteo de regalos (ser\u00e1n pocos pero golosos), etc&#8230;<br>Y el <strong>domingo<\/strong>, s\u00f3lo a volar, sin distracciones en la cocina. As\u00ed que, remontes todo el d\u00eda.<\/p>\n\n\n\n<p>Como v\u00e9is en el formulario, hay varias modalidades. Indicad la vuestra. Y si no hay una clara, la escrib\u00eds en el apartado \u00abotra\u00bb. Lo mismo que si ten\u00e9is alguna peculiaridad en la alimentaci\u00f3n.<\/p>\n\n\n\n<p><\/p>\n\n\n\n<p>Los precios, este a\u00f1o los subimos un poco, pero es por una buena causa, planteamos un men\u00fa de sidrer\u00eda con Chulet\u00f3n y rape hecho insitu. <br>Creednos que es un precio muy ajustado, teniendo en cuenta lo que nos cuesta a nosotros.<\/p>\n\n\n\n<ul class=\"wp-block-list\">\n<li>Concentraci\u00f3n Completa (Almuerzo, cena, sorteos&#8230;): 45 \u20ac<\/li>\n\n\n\n<li>S\u00f3lo cena: 40 \u20ac<\/li>\n\n\n\n<li>Concentraci\u00f3n sin cena: 15 \u20ac.<\/li>\n\n\n\n<li>Los ni\u00f1os menores de 14 a\u00f1os, 10 \u20ac.<\/li>\n<\/ul>\n\n\n\n<p>A los remontes invitamos nosotros (est\u00e1n fuera de la inscripci\u00f3n).<\/p>\n\n\n\n<p>Si la m\u00e9teo no acompa\u00f1a, algo inventaremos, por supuesto. Pero, y esto es importante, <strong><span style=\"text-decoration: underline;\">NO SE MODIFICAR\u00c1 LA FECHA<\/span><\/strong><\/p>\n\n\n\n<p>La cena ser\u00e1 como dec\u00edamos antes, en el front\u00f3n de Isaba. En principio, si nada cambia, a las 20:30, pero a las 00:00, tenemos que desalojar.<\/p>\n\n\n\n<p>Tras la cena, la entrega de trofeos de Liga Norte, y el sorteo de regalos habitual (este a\u00f1o menos regalos, pero m\u00e1s jugosos).<\/p>\n\n\n\n<p>\u00bfEs posible que no sepas d\u00f3nde est\u00e1 todo esto?, \u00a1ya te vale!, anda, \u00e9chale un ojo a este <a rel=\"noreferrer noopener\" href=\"https:\/\/www.google.es\/maps\/ms?msid=218023833048229769289.0004743c842d372e64a60&amp;msa=0\" target=\"_blank\">mapita<\/a>.<br><br><small>Ver <a href=\"https:\/\/bit.ly\/BelagLu\">Concentraci\u00f3n Belagua<\/a> en un mapa m\u00e1s grande<\/small><\/p>\n\n\n<div class=\"wp-block-image\">\n<figure class=\"aligncenter\"><a href=\"http:\/\/alasdeleyre.com\/wp-content\/uploads\/2013\/09\/Belagua_2012_146.jpg\"><img loading=\"lazy\" decoding=\"async\" width=\"1024\" height=\"768\" src=\"http:\/\/alasdeleyre.com\/wp-content\/uploads\/2013\/09\/Belagua_2012_146.jpg\" alt=\"Belagua_2012_146\" class=\"wp-image-1157\" srcset=\"https:\/\/alasdeleyre.com\/wp-content\/uploads\/2013\/09\/Belagua_2012_146.jpg 1024w, https:\/\/alasdeleyre.com\/wp-content\/uploads\/2013\/09\/Belagua_2012_146-300x225.jpg 300w\" sizes=\"auto, (max-width: 1024px) 100vw, 1024px\" \/><\/a><figcaption class=\"wp-element-caption\">Aterrizaje oficial 1<\/figcaption><\/figure>\n<\/div>\n\n\n<p><\/p>\n\n\n\n<p>Si ten\u00e9is cualquier duda, no os qued\u00e9is con las ganas, y consultadnos por mail: alasdeleyre@alasdeleyre.com<\/p>\n","protected":false},"excerpt":{"rendered":"<p>34, nada menos. Que s\u00ed, que s\u00ed, ya son 34 ediciones de la Concentraci\u00f3n de Belagua, nada menos! (y eso que el COVID nos rob\u00f3 una) Y con la misma ilusi\u00f3n de siempre atcamos esta nueva edici\u00f3n. La misma que nos transmitis todos los que, cada a\u00f1o, repond\u00e9is a la convocatoria, sin importar la m\u00e9teo [&hellip;]<\/p>\n","protected":false},"author":1,"featured_media":0,"comment_status":"open","ping_status":"closed","sticky":false,"template":"","format":"standard","meta":{"ngg_post_thumbnail":0,"jetpack_post_was_ever_published":false,"_jetpack_newsletter_access":"","_jetpack_dont_email_post_to_subs":false,"_jetpack_newsletter_tier_id":0,"_jetpack_memberships_contains_paywalled_content":false,"_jetpack_memberships_contains_paid_content":false,"footnotes":""},"categories":[1,3,13],"tags":[],"class_list":["post-5305","post","type-post","status-publish","format-standard","hentry","category-club","category-liga-norte","category-parapente"],"jetpack_featured_media_url":"","jetpack_sharing_enabled":true,"_links":{"self":[{"href":"https:\/\/alasdeleyre.com\/index.php?rest_route=\/wp\/v2\/posts\/5305","targetHints":{"allow":["GET"]}}],"collection":[{"href":"https:\/\/alasdeleyre.com\/index.php?rest_route=\/wp\/v2\/posts"}],"about":[{"href":"https:\/\/alasdeleyre.com\/index.php?rest_route=\/wp\/v2\/types\/post"}],"author":[{"embeddable":true,"href":"https:\/\/alasdeleyre.com\/index.php?rest_route=\/wp\/v2\/users\/1"}],"replies":[{"embeddable":true,"href":"https:\/\/alasdeleyre.com\/index.php?rest_route=%2Fwp%2Fv2%2Fcomments&post=5305"}],"version-history":[{"count":3,"href":"https:\/\/alasdeleyre.com\/index.php?rest_route=\/wp\/v2\/posts\/5305\/revisions"}],"predecessor-version":[{"id":5344,"href":"https:\/\/alasdeleyre.com\/index.php?rest_route=\/wp\/v2\/posts\/5305\/revisions\/5344"}],"wp:attachment":[{"href":"https:\/\/alasdeleyre.com\/index.php?rest_route=%2Fwp%2Fv2%2Fmedia&parent=5305"}],"wp:term":[{"taxonomy":"category","embeddable":true,"href":"https:\/\/alasdeleyre.com\/index.php?rest_route=%2Fwp%2Fv2%2Fcategories&post=5305"},{"taxonomy":"post_tag","embeddable":true,"href":"https:\/\/alasdeleyre.com\/index.php?rest_route=%2Fwp%2Fv2%2Ftags&post=5305"}],"curies":[{"name":"wp","href":"https:\/\/api.w.org\/{rel}","templated":true}]}}