{"id":5345,"date":"2024-09-19T16:11:39","date_gmt":"2024-09-19T14:11:39","guid":{"rendered":"https:\/\/alasdeleyre.com\/?p=5345"},"modified":"2025-03-08T21:26:59","modified_gmt":"2025-03-08T20:26:59","slug":"liga-norte-2024-14-15-septiembre-la-cronica","status":"publish","type":"post","link":"https:\/\/alasdeleyre.com\/?p=5345","title":{"rendered":"LIGA NORTE 2024 &#8211; 14, 15 Septiembre &#8211; LA CR\u00d3NICA"},"content":{"rendered":"\n<figure class=\"wp-block-image size-full\"><a href=\"https:\/\/alasdeleyre.com\/wp-content\/uploads\/2024\/09\/460609057_27447437378176864_7793721521862532863_n.jpg\"><img loading=\"lazy\" decoding=\"async\" width=\"2048\" height=\"1264\" src=\"https:\/\/alasdeleyre.com\/wp-content\/uploads\/2024\/09\/460609057_27447437378176864_7793721521862532863_n.jpg\" alt=\"\" class=\"wp-image-5369\" srcset=\"https:\/\/alasdeleyre.com\/wp-content\/uploads\/2024\/09\/460609057_27447437378176864_7793721521862532863_n.jpg 2048w, https:\/\/alasdeleyre.com\/wp-content\/uploads\/2024\/09\/460609057_27447437378176864_7793721521862532863_n-300x185.jpg 300w, https:\/\/alasdeleyre.com\/wp-content\/uploads\/2024\/09\/460609057_27447437378176864_7793721521862532863_n-1024x632.jpg 1024w, https:\/\/alasdeleyre.com\/wp-content\/uploads\/2024\/09\/460609057_27447437378176864_7793721521862532863_n-768x474.jpg 768w, https:\/\/alasdeleyre.com\/wp-content\/uploads\/2024\/09\/460609057_27447437378176864_7793721521862532863_n-1536x948.jpg 1536w\" sizes=\"auto, (max-width: 2048px) 100vw, 2048px\" \/><\/a><figcaption class=\"wp-element-caption\">Ambientillo (Rakel)<\/figcaption><\/figure>\n\n\n\n<p>Uuuffff, hay que ver lo que cost\u00f3 decidirse para las mangas de este finde!<\/p>\n\n\n\n<p>La m\u00e9teo, floja de narices. Predominando norte en todas partes. As\u00ed que, en cartera: O\u00f1a, Orozko, Ordu\u00f1a,    Genevilla, Ribafrecha&#8230;, incluso Arangoiti.<br>Pero no, la decisi\u00f3n final fue ir a Ribafrecha (s\u00ed, oooooootra vez).<\/p>\n\n\n\n<p>Las previsiones, justas de narices. La \u00aboptimista\u00bb dec\u00eda que habr\u00eda techos de unos 1600 (con eso nos vamos al fin del mundo aqu\u00ed), y la \u00abpesimista\u00bb, dec\u00eda que \u00abturur\u00fa\u00bb, qu eno tendr\u00edamos mucho m\u00e1s de 1200.<br>De viento, NE  flojo. Que aqu\u00ed da juego para hacer otras cosas.<\/p>\n\n\n\n<p>Total, manga ultra-Mickey-Mouse de 35 km, nada m\u00e1s. Zig-zag, incluso m\u00e1s corto y sencillo que otras ves, por si acaso, y luego 18 km al gol, hacia el oeste.<\/p>\n\n\n\n<p>37 inscritos, que visto el panorama, no estaba nada mal, la verdad.<\/p>\n\n\n<div class=\"wp-block-image\">\n<figure class=\"alignleft size-full\"><a href=\"https:\/\/alasdeleyre.com\/wp-content\/uploads\/2024\/09\/image-1.png\" target=\"_blank\" rel=\"noreferrer noopener\"><img loading=\"lazy\" decoding=\"async\" width=\"397\" height=\"210\" src=\"https:\/\/alasdeleyre.com\/wp-content\/uploads\/2024\/09\/image-1.png\" alt=\"\" class=\"wp-image-5349\" srcset=\"https:\/\/alasdeleyre.com\/wp-content\/uploads\/2024\/09\/image-1.png 397w, https:\/\/alasdeleyre.com\/wp-content\/uploads\/2024\/09\/image-1-300x159.png 300w\" sizes=\"auto, (max-width: 397px) 100vw, 397px\" \/><\/a><\/figure>\n<\/div>\n\n<div class=\"wp-block-image\">\n<figure class=\"alignright size-large is-resized\"><a href=\"https:\/\/alasdeleyre.com\/wp-content\/uploads\/2024\/09\/image-2.png\"><img loading=\"lazy\" decoding=\"async\" width=\"1024\" height=\"555\" src=\"https:\/\/alasdeleyre.com\/wp-content\/uploads\/2024\/09\/image-2-1024x555.png\" alt=\"\" class=\"wp-image-5350\" style=\"width:456px;height:auto\" srcset=\"https:\/\/alasdeleyre.com\/wp-content\/uploads\/2024\/09\/image-2-1024x555.png 1024w, https:\/\/alasdeleyre.com\/wp-content\/uploads\/2024\/09\/image-2-300x163.png 300w, https:\/\/alasdeleyre.com\/wp-content\/uploads\/2024\/09\/image-2-768x416.png 768w, https:\/\/alasdeleyre.com\/wp-content\/uploads\/2024\/09\/image-2-1536x833.png 1536w, https:\/\/alasdeleyre.com\/wp-content\/uploads\/2024\/09\/image-2.png 1800w\" sizes=\"auto, (max-width: 1024px) 100vw, 1024px\" \/><\/a><\/figure>\n<\/div>\n\n\n<p>Nadie quer\u00eda despegar, la cosa daba mucho miedito.<br>Pero, a unos 45 minutos del Start, los primeros empezarona  despegar, para demostrar que, en efecto!, el d\u00eda es muy flojo!  <\/p>\n\n\n\n<p>Se cog\u00edan escasos 200 metros sobre el despegue, en el mejor de los casos.<\/p>\n\n\n\n<p>Tampoco hay mucho que contar, la verdad. Todo el mundo volando con todos los frenos puestos, con mucha cautela.<\/p>\n\n\n\n<p>No hab\u00eda un grupo claro, ya que, el start cada uno lo hizo como pudo.<\/p>\n\n\n\n<p>Antonio fue de los pocos que lograron volver de la \u00faltima baliza del zigzag, al pillar una t\u00e9rmica que el llev\u00f3 el techo.<br>Y consigui\u00f3 llevarse la manga volando 21 de los 35 km de prueba.<br>Tras \u00e9l Casti con 16,7 km. Unai, Andr\u00e9s&#8230;<\/p>\n\n\n\n<p>En fin, debacle. Parecida a la que ya tuvimos aqu\u00ed hace unos meses. Pero, esta vez, sin final feliz para nadie.<\/p>\n\n\n\n<p>Evidentemente la manga vali\u00f3 poco, 405 puntos para el ganador.<br>Antonio, con esta manga, se afianzaba en la primera posici\u00f3n de la general de la liga.<\/p>\n\n\n\n<p>Pero, manga ser manga, y tambi\u00e9n cuenta para el resultado final.<br>Puedes consultar las clasificaciones: <a href=\"https:\/\/www.alasdeleyre.com\/viejo\/Clasificaciones\/Nacionales\/Liga_norte\/2024\/LIGA_NORTE_2024-M6-Ribafrecha.pdf\" target=\"_blank\" rel=\"noreferrer noopener\">Manga<\/a>, <a href=\"https:\/\/www.alasdeleyre.com\/viejo\/Clasificaciones\/Nacionales\/Liga_norte\/2024\/LIGA_NORTE_2024-GENERAL_(M6).pdf\" target=\"_blank\" rel=\"noreferrer noopener\">General<\/a> tras esa manga.<\/p>\n\n\n\n<p>Antonio nos la explica.<\/p>\n\n\n\n<figure class=\"wp-block-embed is-type-video is-provider-youtube wp-block-embed-youtube wp-embed-aspect-16-9 wp-has-aspect-ratio\"><div class=\"wp-block-embed__wrapper\">\n<iframe loading=\"lazy\" title=\"Liga Norte 2024 - 14 septiembre - Antonio Ramos\" width=\"500\" height=\"281\" src=\"https:\/\/www.youtube.com\/embed\/BbhTJxgWToA?feature=oembed\" frameborder=\"0\" allow=\"accelerometer; autoplay; clipboard-write; encrypted-media; gyroscope; picture-in-picture; web-share\" referrerpolicy=\"strict-origin-when-cross-origin\" allowfullscreen><\/iframe>\n<\/div><\/figure>\n\n\n\n<p><br><\/p>\n\n\n\n<p>Y vamos al domingo!<\/p>\n\n\n\n<figure class=\"wp-block-image size-large\"><a href=\"https:\/\/alasdeleyre.com\/wp-content\/uploads\/2024\/09\/460462962_27447519534835315_2627652409252958326_n.jpg\"><img loading=\"lazy\" decoding=\"async\" width=\"1024\" height=\"576\" src=\"https:\/\/alasdeleyre.com\/wp-content\/uploads\/2024\/09\/460462962_27447519534835315_2627652409252958326_n-1024x576.jpg\" alt=\"\" class=\"wp-image-5365\" srcset=\"https:\/\/alasdeleyre.com\/wp-content\/uploads\/2024\/09\/460462962_27447519534835315_2627652409252958326_n-1024x576.jpg 1024w, https:\/\/alasdeleyre.com\/wp-content\/uploads\/2024\/09\/460462962_27447519534835315_2627652409252958326_n-300x169.jpg 300w, https:\/\/alasdeleyre.com\/wp-content\/uploads\/2024\/09\/460462962_27447519534835315_2627652409252958326_n-768x432.jpg 768w, https:\/\/alasdeleyre.com\/wp-content\/uploads\/2024\/09\/460462962_27447519534835315_2627652409252958326_n-1536x864.jpg 1536w, https:\/\/alasdeleyre.com\/wp-content\/uploads\/2024\/09\/460462962_27447519534835315_2627652409252958326_n.jpg 2048w\" sizes=\"auto, (max-width: 1024px) 100vw, 1024px\" \/><\/a><figcaption class=\"wp-element-caption\">Bonito despegue (Rakel)<\/figcaption><\/figure>\n\n\n\n<p>En una decisi\u00f3n tard\u00eda (los modelos se actualizan a las 18:30 aprox.), se cambi\u00f3 el destino de la siguiente manga.<\/p>\n\n\n\n<p>Y el SEPT\u00cdMO D\u00cdA (bueno manga), LA LIGA NORTE FUE A OROZKO.<\/p>\n\n\n\n<p>Pues s\u00ed, a Orozko que nos vamos (curioso o\u00edr un cierto aplauso cuando se public\u00f3 la noticia. Se ve que hab\u00eda ganas).<\/p>\n\n\n<div class=\"wp-block-image\">\n<figure class=\"alignleft size-full\"><a href=\"https:\/\/www.livetrack24.com\/tasks\/4959\" target=\"_blank\" rel=\"noreferrer noopener\"><img loading=\"lazy\" decoding=\"async\" width=\"391\" height=\"213\" src=\"https:\/\/alasdeleyre.com\/wp-content\/uploads\/2024\/09\/image-3.png\" alt=\"\" class=\"wp-image-5351\" srcset=\"https:\/\/alasdeleyre.com\/wp-content\/uploads\/2024\/09\/image-3.png 391w, https:\/\/alasdeleyre.com\/wp-content\/uploads\/2024\/09\/image-3-300x163.png 300w\" sizes=\"auto, (max-width: 391px) 100vw, 391px\" \/><\/a><\/figure>\n<\/div>\n\n\n<p>Cena en Oroko, y el domingo, nueva manga, con un d\u00eda muy apetecible, aunque la previsi\u00f3n era justilla. Pero, mira t\u00fa por d\u00f3nde, al contrario que el d\u00eda anterior, la realidad fue mejor que la previsi\u00f3n.<\/p>\n\n\n<div class=\"wp-block-image\">\n<figure class=\"alignright size-large is-resized\"><a href=\"https:\/\/alasdeleyre.com\/wp-content\/uploads\/2024\/09\/image-4.png\"><img loading=\"lazy\" decoding=\"async\" width=\"1024\" height=\"684\" src=\"https:\/\/alasdeleyre.com\/wp-content\/uploads\/2024\/09\/image-4-1024x684.png\" alt=\"\" class=\"wp-image-5352\" style=\"width:459px;height:auto\" srcset=\"https:\/\/alasdeleyre.com\/wp-content\/uploads\/2024\/09\/image-4-1024x684.png 1024w, https:\/\/alasdeleyre.com\/wp-content\/uploads\/2024\/09\/image-4-300x201.png 300w, https:\/\/alasdeleyre.com\/wp-content\/uploads\/2024\/09\/image-4-768x513.png 768w, https:\/\/alasdeleyre.com\/wp-content\/uploads\/2024\/09\/image-4-1536x1027.png 1536w, https:\/\/alasdeleyre.com\/wp-content\/uploads\/2024\/09\/image-4.png 1577w\" sizes=\"auto, (max-width: 1024px) 100vw, 1024px\" \/><\/a><\/figure>\n<\/div>\n\n\n<p>Esta vez, 42 inscritos. Practicamente todos los que estuvieron el s\u00e1bado volvieron el domingo. As\u00ed da gusto!!<\/p>\n\n\n\n<p>La manga, un bonito paseo de ida y vuelta (2 veces) por el valle. Primero al este, hacia el oderiaga. Luego baliza en Artiach (al norte dle pueblo de Orozko), vuelta a Oderiaga, ir al oeste pasando el despegue, y vuelta al este para terminar en el gol.<\/p>\n\n\n\n<p>42 km. S\u00ed, vale, no es mucho, pero fuimos bastante precavidos. Luego se demostr\u00f3 que se pod\u00eda haber hecho bastante m\u00e1s. <\/p>\n\n\n\n<p>Las condiciones flojas condicionaron (valga la redundancia) el inicio de la prueba. Aqu\u00e9llos pilotos que se animaron a despegar pronto, pudieron tener m\u00e1s tiempo para colocarse de cara a ese start point.<br>Se formaron 2 grupos, uno pr\u00f3ximo al despegue (con m\u00e1s seguridad, ya que empezaba a funcionar bien la cosa), y otro que decidi\u00f3 cruzar a las laderas al este (al principio m\u00e1s arriesgado, pero luego mejor\u00f3).<\/p>\n\n\n\n<p>Se da la salida, y los pilotos caseros van a apor todas: Jose F\u00e9lix sale como un cohete. Bajo, pero como una moto.<br>Por detr\u00e1s un grupo que hab\u00eda hecho el Start Point alto, y que va asegurando m\u00e1s: Gorka Tornos, Takolo, Asier Izco, Xabi, Red\u00edn, Casti, Ane (que es la m\u00e1s casera de todos)&#8230;<\/p>\n\n\n\n<p>Jose F\u00e9lix ser\u00eda el primero en hacer la baliza, seguido muy de cerca por Gorka. Luego el resto.<\/p>\n\n\n\n<p>Ya se ve\u00eda que el d\u00eda era buen, aunque el techo no fuera muy alto (unos 1200, recordemos que desde aqu\u00ed se ve el mar bastante cerca).<\/p>\n\n\n\n<p>El grupo de cabeza va a la siguiente baliza (saliendo de la ladera) por la l\u00ednea recta. Pero al grupo siguiente se le hace una calle de nubes, que siguen escrupulosamente, y llega m\u00e1s holgado a esa baliza (\u00cd\u00f1igo R. llegar\u00eda casi 200 m m\u00e1s alto que ese grupo al seguir una l\u00ednea m\u00e1s al sur).<\/p>\n\n\n\n<p>De ese grupo de cabeza, pinchar\u00eda Takolo, pero los dem\u00e1s se salvaron de la quema.<\/p>\n\n\n\n<p>Jose F\u00e9lix seguir\u00eda bajo la ladera, y ah\u00ed perder\u00eda la cabeza.<br>Mientras, se formaba un gran grupo en cabeza, aunque la ir a Oderiaga por segunda vez, algunos se arriesgaron m\u00e1s, al no seguir la ladera e intentar acortar un poco bajo una nube: Red\u00edn, Andr\u00e9s y Wilfred.<\/p>\n\n\n\n<p>Esto har\u00eda que luego llegasen tarde a la pr\u00f3xima t\u00e9rmica antes de saltar de nuevo hacia el despegue.<br>Gorka ser\u00eda el primero en escaparse, seguido de Xabi y Antonio, que iba control\u00e1ndolo todo, cuidando su plaza en la general.<\/p>\n\n\n\n<p>El resto, casi de tr\u00e1mite tras la \u00faltima t\u00e9rmica que cogieron en el despegue.<\/p>\n\n\n\n<p>Total, Gorka Tornos gan\u00f3 la manga en 1h30, a 26 km\/h de media. Tras \u00e9l Xabi, a menos de 2 minutos. 3\u00ba Andr\u00e9s, 4\u00ba Wilfred&#8230;<\/p>\n\n\n\n<p>Hasta 25 pilotos en gol compensaban el desastre del d\u00eda anterior.<\/p>\n\n\n\n<p>A ver qu\u00e9 nos cuenta Gorka sobre la manga.<\/p>\n\n\n\n<figure class=\"wp-block-embed is-type-video is-provider-youtube wp-block-embed-youtube wp-embed-aspect-16-9 wp-has-aspect-ratio\"><div class=\"wp-block-embed__wrapper\">\n<iframe loading=\"lazy\" title=\"Liga Norte 2024 - 15 septiembre - Gorka Tornos\" width=\"500\" height=\"281\" src=\"https:\/\/www.youtube.com\/embed\/j_GRDNNRon8?feature=oembed\" frameborder=\"0\" allow=\"accelerometer; autoplay; clipboard-write; encrypted-media; gyroscope; picture-in-picture; web-share\" referrerpolicy=\"strict-origin-when-cross-origin\" allowfullscreen><\/iframe>\n<\/div><\/figure>\n\n\n\n<p>Puedes consultar las clasificaciones: <a href=\"https:\/\/www.alasdeleyre.com\/viejo\/Clasificaciones\/Nacionales\/Liga_norte\/2024\/LIGA_NORTE_2024-M7-Orozko.pdf\" target=\"_blank\" rel=\"noreferrer noopener\">Manga<\/a>, <a href=\"https:\/\/www.alasdeleyre.com\/viejo\/Clasificaciones\/Nacionales\/Liga_norte\/2024\/LIGA_NORTE_2024-GENERAL_(M7).pdf\" target=\"_blank\" rel=\"noreferrer noopener\">General<\/a> tras esa manga.<\/p>\n\n\n\n<p>Ojo con esta manga. El l\u00edder de la general no cambia. Al rev\u00e9s, se afianza, y muy dif\u00edcil va a ser poder quitarlo de ah\u00ed.<br>Escalando al segundo puesto, Casti, que, ojo al dato, va volando una Photon, vela C.<br>Y tercero aparece por aqu\u00ed \u00cd\u00f1igo Red\u00edn, que adelanta a Txus Blanco.<\/p>\n\n\n\n<p>Emoci\u00f3n para las \u00faltimas 2 mangas de este a\u00f1o, las de los d\u00edas 21 y 22 de septiembre.<\/p>\n\n\n\n<p><\/p>\n\n\n\n<p>Y, como siempre, un poco de multimedia sobre esta manga<\/p>\n\n\n\n<p><strong>\u00cd\u00f1igo<\/strong><\/p>\n\n\n\n<figure class=\"wp-block-embed is-type-video is-provider-youtube wp-block-embed-youtube wp-embed-aspect-16-9 wp-has-aspect-ratio\"><div class=\"wp-block-embed__wrapper\">\n<iframe loading=\"lazy\" title=\"Liga Norte Ribafrecha 2024-09-14\" width=\"500\" height=\"281\" src=\"https:\/\/www.youtube.com\/embed\/iJ3ga3xZe_s?feature=oembed\" frameborder=\"0\" allow=\"accelerometer; autoplay; clipboard-write; encrypted-media; gyroscope; picture-in-picture; web-share\" referrerpolicy=\"strict-origin-when-cross-origin\" allowfullscreen><\/iframe>\n<\/div><\/figure>\n\n\n\n<figure class=\"wp-block-embed is-type-video is-provider-youtube wp-block-embed-youtube wp-embed-aspect-16-9 wp-has-aspect-ratio\"><div class=\"wp-block-embed__wrapper\">\n<iframe loading=\"lazy\" title=\"Liga Norte Orozko 2024-09-15\" width=\"500\" height=\"281\" src=\"https:\/\/www.youtube.com\/embed\/FtN2TEVUiPU?feature=oembed\" frameborder=\"0\" allow=\"accelerometer; autoplay; clipboard-write; encrypted-media; gyroscope; picture-in-picture; web-share\" referrerpolicy=\"strict-origin-when-cross-origin\" allowfullscreen><\/iframe>\n<\/div><\/figure>\n\n\n\n<p><strong>Rakel<\/strong><\/p>\n\n\n\n<figure class=\"wp-block-image size-full\"><a href=\"https:\/\/www.facebook.com\/groups\/LigaNorteParapente\/posts\/8945654875530236\/?__cft__[0]=AZWmsAoXkXpKnlTAATo9Fg3M5EZqLNtvRE1yFHHeDCQkveHjgjP2lF5PCBp7eASXvznF6sG9bvZEX8KwGQiQD-7fV_i1a1SOT_URkNt9IhwyG5Fv3dNNmgokaGR3yKqP7wVfZJEvr535bKpypq7PhfUUaApe1_3wrRla-xT9-cgx2RZ2GN1178E-uxeib6qc6q8Y_RDvF394PXGNhfov8ORK2eJ1-lvOWN7OEDpA1iVlFA&amp;__tn__=%2CO%2CP-R\" target=\"_blank\" rel=\"noreferrer noopener\"><img loading=\"lazy\" decoding=\"async\" width=\"678\" height=\"858\" src=\"https:\/\/alasdeleyre.com\/wp-content\/uploads\/2024\/09\/image-10.png\" alt=\"\" class=\"wp-image-5368\" srcset=\"https:\/\/alasdeleyre.com\/wp-content\/uploads\/2024\/09\/image-10.png 678w, https:\/\/alasdeleyre.com\/wp-content\/uploads\/2024\/09\/image-10-237x300.png 237w\" sizes=\"auto, (max-width: 678px) 100vw, 678px\" \/><\/a><\/figure>\n\n\n\n<figure class=\"wp-block-image size-full\"><a href=\"https:\/\/www.facebook.com\/groups\/LigaNorteParapente\/posts\/8945707138858343\/?__cft__[0]=AZUkuzmUGS8YVXuk9qMjfatBuKh7PwTTn-GV8NoYvPtiibM8lxzCItCe8Ar2hmzi04gq4rYvmBG1_JOjPFAFXctpKfs3xHBzE2qs-543BB9MzQdLsQrS8nSOWD7S4KFAgKsvdG-oACt79uqmg5wQLAVxT7j_JqLU_2O5pibCyOwJNZjoAw7psN5sMIHZQkZTYChO5n11EAZACKHJ7icrvKcka1fsJ11WB_zXrH47mk9C0g&amp;__tn__=%2CO%2CP-R\" target=\"_blank\" rel=\"noreferrer noopener\"><img loading=\"lazy\" decoding=\"async\" width=\"683\" height=\"922\" src=\"https:\/\/alasdeleyre.com\/wp-content\/uploads\/2024\/09\/image-9.png\" alt=\"\" class=\"wp-image-5367\" srcset=\"https:\/\/alasdeleyre.com\/wp-content\/uploads\/2024\/09\/image-9.png 683w, https:\/\/alasdeleyre.com\/wp-content\/uploads\/2024\/09\/image-9-222x300.png 222w\" sizes=\"auto, (max-width: 683px) 100vw, 683px\" \/><\/a><\/figure>\n\n\n\n<p><strong>Javi Cacheiro<\/strong><\/p>\n\n\n\n<figure class=\"wp-block-image size-full\"><a href=\"https:\/\/www.facebook.com\/groups\/LigaNorteParapente\/posts\/8910933952335662\/?__cft__[0]=AZWTrJQPPJYrNNIcvNOZQTXQVQ9CKZqvV_Kextf3g0a-f2wNy1Ejn30PH_lPpUxUSX1x-vy7KnCV5POteSHbUdUpd2LKxY3W29Gbt4mzvakI17D6XLQU0Ltm-VHvotqvj32UJP57ql_mFm-VXpEMWfxTV0i7sNmfDTfkb-RvGzteXY-DMwO7dXpPn6zM5e9U4Xw7FrWCTF-5NQ8UzPKBfE8EL-8aJwqZylnkKOPQGlXLEQ&amp;__tn__=%2CO%2CP-R\" target=\"_blank\" rel=\"noreferrer noopener\"><img loading=\"lazy\" decoding=\"async\" width=\"678\" height=\"849\" src=\"https:\/\/alasdeleyre.com\/wp-content\/uploads\/2024\/09\/image-8.png\" alt=\"\" class=\"wp-image-5359\" srcset=\"https:\/\/alasdeleyre.com\/wp-content\/uploads\/2024\/09\/image-8.png 678w, https:\/\/alasdeleyre.com\/wp-content\/uploads\/2024\/09\/image-8-240x300.png 240w\" sizes=\"auto, (max-width: 678px) 100vw, 678px\" \/><\/a><\/figure>\n\n\n\n<figure class=\"wp-block-image size-full\"><a href=\"https:\/\/www.facebook.com\/reel\/1284607736246314\" target=\"_blank\" rel=\"noreferrer noopener\"><img loading=\"lazy\" decoding=\"async\" width=\"527\" height=\"794\" src=\"https:\/\/alasdeleyre.com\/wp-content\/uploads\/2024\/09\/image-5.png\" alt=\"\" class=\"wp-image-5356\" srcset=\"https:\/\/alasdeleyre.com\/wp-content\/uploads\/2024\/09\/image-5.png 527w, https:\/\/alasdeleyre.com\/wp-content\/uploads\/2024\/09\/image-5-199x300.png 199w\" sizes=\"auto, (max-width: 527px) 100vw, 527px\" \/><\/a><\/figure>\n\n\n\n<figure class=\"wp-block-image size-full\"><a href=\"https:\/\/www.facebook.com\/groups\/LigaNorteParapente\/posts\/8910971095665281\/?__cft__[0]=AZWtIGtXzZZlt8i2keQuGqmfqf67A0nn7mfilRPCfK3W694TGTX1AxVTdeH5PV7RHn0K5wT_awBvsxovKytn0aeNu9UE1oALXixElQfoA_B_3ApM_12DZENcl1poGwx7CUmhNXKpyMyZcflf_K-e9O5L-u-on3qM66jMBiVghj5eVdu647H-MBdzIvbKkzlS02sYAoBUL9PpFn2JvQ1ZGFugZdIb4fx0cIv-4dLecC2w-g&amp;__tn__=%2CO%2CP-R\" target=\"_blank\" rel=\"noreferrer noopener\"><img loading=\"lazy\" decoding=\"async\" width=\"679\" height=\"851\" src=\"https:\/\/alasdeleyre.com\/wp-content\/uploads\/2024\/09\/image-7.png\" alt=\"\" class=\"wp-image-5358\" srcset=\"https:\/\/alasdeleyre.com\/wp-content\/uploads\/2024\/09\/image-7.png 679w, https:\/\/alasdeleyre.com\/wp-content\/uploads\/2024\/09\/image-7-239x300.png 239w\" sizes=\"auto, (max-width: 679px) 100vw, 679px\" \/><\/a><\/figure>\n","protected":false},"excerpt":{"rendered":"<p>Uuuffff, hay que ver lo que cost\u00f3 decidirse para las mangas de este finde! La m\u00e9teo, floja de narices. Predominando norte en todas partes. As\u00ed que, en cartera: O\u00f1a, Orozko, Ordu\u00f1a, Genevilla, Ribafrecha&#8230;, incluso Arangoiti.Pero no, la decisi\u00f3n final fue ir a Ribafrecha (s\u00ed, oooooootra vez). Las previsiones, justas de narices. La \u00aboptimista\u00bb dec\u00eda que [&hellip;]<\/p>\n","protected":false},"author":1,"featured_media":0,"comment_status":"open","ping_status":"closed","sticky":false,"template":"","format":"standard","meta":{"ngg_post_thumbnail":0,"jetpack_post_was_ever_published":false,"_jetpack_newsletter_access":"","_jetpack_dont_email_post_to_subs":false,"_jetpack_newsletter_tier_id":0,"_jetpack_memberships_contains_paywalled_content":false,"_jetpack_memberships_contains_paid_content":false,"footnotes":""},"categories":[19,3,13],"tags":[21,70,30],"class_list":["post-5345","post","type-post","status-publish","format-standard","hentry","category-cronicas","category-liga-norte","category-parapente","tag-liga-norte-2","tag-liga-norte-2024","tag-parapente-2"],"jetpack_featured_media_url":"","jetpack_sharing_enabled":true,"_links":{"self":[{"href":"https:\/\/alasdeleyre.com\/index.php?rest_route=\/wp\/v2\/posts\/5345","targetHints":{"allow":["GET"]}}],"collection":[{"href":"https:\/\/alasdeleyre.com\/index.php?rest_route=\/wp\/v2\/posts"}],"about":[{"href":"https:\/\/alasdeleyre.com\/index.php?rest_route=\/wp\/v2\/types\/post"}],"author":[{"embeddable":true,"href":"https:\/\/alasdeleyre.com\/index.php?rest_route=\/wp\/v2\/users\/1"}],"replies":[{"embeddable":true,"href":"https:\/\/alasdeleyre.com\/index.php?rest_route=%2Fwp%2Fv2%2Fcomments&post=5345"}],"version-history":[{"count":10,"href":"https:\/\/alasdeleyre.com\/index.php?rest_route=\/wp\/v2\/posts\/5345\/revisions"}],"predecessor-version":[{"id":5428,"href":"https:\/\/alasdeleyre.com\/index.php?rest_route=\/wp\/v2\/posts\/5345\/revisions\/5428"}],"wp:attachment":[{"href":"https:\/\/alasdeleyre.com\/index.php?rest_route=%2Fwp%2Fv2%2Fmedia&parent=5345"}],"wp:term":[{"taxonomy":"category","embeddable":true,"href":"https:\/\/alasdeleyre.com\/index.php?rest_route=%2Fwp%2Fv2%2Fcategories&post=5345"},{"taxonomy":"post_tag","embeddable":true,"href":"https:\/\/alasdeleyre.com\/index.php?rest_route=%2Fwp%2Fv2%2Ftags&post=5345"}],"curies":[{"name":"wp","href":"https:\/\/api.w.org\/{rel}","templated":true}]}}