{"id":5388,"date":"2024-10-12T19:17:22","date_gmt":"2024-10-12T17:17:22","guid":{"rendered":"https:\/\/alasdeleyre.com\/?p=5388"},"modified":"2024-10-12T19:19:59","modified_gmt":"2024-10-12T17:19:59","slug":"belagua-2024-y-van-34","status":"publish","type":"post","link":"https:\/\/alasdeleyre.com\/?p=5388","title":{"rendered":"Belagua 2024 &#8211; Y van 34"},"content":{"rendered":"<div class=\"wp-block-image\">\n<figure class=\"aligncenter size-large\"><a href=\"https:\/\/alasdeleyre.com\/wp-content\/uploads\/2024\/10\/462411552_27782094028044529_5352853779127515955_n.jpg\"><img loading=\"lazy\" decoding=\"async\" width=\"1024\" height=\"496\" src=\"https:\/\/alasdeleyre.com\/wp-content\/uploads\/2024\/10\/462411552_27782094028044529_5352853779127515955_n-1024x496.jpg\" alt=\"\" class=\"wp-image-5392\" srcset=\"https:\/\/alasdeleyre.com\/wp-content\/uploads\/2024\/10\/462411552_27782094028044529_5352853779127515955_n-1024x496.jpg 1024w, https:\/\/alasdeleyre.com\/wp-content\/uploads\/2024\/10\/462411552_27782094028044529_5352853779127515955_n-300x145.jpg 300w, https:\/\/alasdeleyre.com\/wp-content\/uploads\/2024\/10\/462411552_27782094028044529_5352853779127515955_n-768x372.jpg 768w, https:\/\/alasdeleyre.com\/wp-content\/uploads\/2024\/10\/462411552_27782094028044529_5352853779127515955_n-1536x744.jpg 1536w, https:\/\/alasdeleyre.com\/wp-content\/uploads\/2024\/10\/462411552_27782094028044529_5352853779127515955_n.jpg 2048w\" sizes=\"auto, (max-width: 1024px) 100vw, 1024px\" \/><\/a><figcaption class=\"wp-element-caption\">La tropa de la cena (foto Rakel)<\/figcaption><\/figure>\n<\/div>\n\n\n<p>Y un a\u00f1o m\u00e1s, fiel a su cita, a primeros de octubre, lleg\u00f3 la XXXIV Concentraci\u00f3n Valle de Belagua.<\/p>\n\n\n\n<p>34 ediciones son muchas, mucha historia. Solo el COVID nos fastidi\u00f3 una edici\u00f3n, la de 2020, si no, ahora ser\u00edan ya 35 las ediciones de esta, la concentraci\u00f3n en activo m\u00e1s vieja por aqu\u00ed cerca. <\/p>\n\n\n\n<p>Este a\u00f1o, como siempre, se mantuvo el formato: vuelo-almuerzo-vuelo-cena-&#8230;<\/p>\n\n\n\n<p>Unas 140 personas se dieron cita el s\u00e1bado en Bizitxoza (el Rinc\u00f3n de Belagua).<br>All\u00ed, inscripciones, y, pitando, a volar!, mientras que la organizaci\u00f3n y amigos iban preparando la comida para 140 personas.<\/p>\n\n\n\n<p>Los primeros vuelos fueron de descenso. Aunque la previsi\u00f3n dec\u00eda que a medio d\u00eda la cosa iba a mejorar. Incluso, en altura, la cosa iba a estar peliaguda. Y, en efecto, as\u00ed fue.<\/p>\n\n\n<div class=\"wp-block-image\">\n<figure class=\"aligncenter size-large\"><a href=\"https:\/\/alasdeleyre.com\/wp-content\/uploads\/2024\/10\/462370681_10225965921991487_744920302006227969_n-scaled.jpg\"><img loading=\"lazy\" decoding=\"async\" width=\"1024\" height=\"462\" src=\"https:\/\/alasdeleyre.com\/wp-content\/uploads\/2024\/10\/462370681_10225965921991487_744920302006227969_n-1024x462.jpg\" alt=\"\" class=\"wp-image-5393\" srcset=\"https:\/\/alasdeleyre.com\/wp-content\/uploads\/2024\/10\/462370681_10225965921991487_744920302006227969_n-1024x462.jpg 1024w, https:\/\/alasdeleyre.com\/wp-content\/uploads\/2024\/10\/462370681_10225965921991487_744920302006227969_n-300x135.jpg 300w, https:\/\/alasdeleyre.com\/wp-content\/uploads\/2024\/10\/462370681_10225965921991487_744920302006227969_n-768x346.jpg 768w, https:\/\/alasdeleyre.com\/wp-content\/uploads\/2024\/10\/462370681_10225965921991487_744920302006227969_n-1536x693.jpg 1536w, https:\/\/alasdeleyre.com\/wp-content\/uploads\/2024\/10\/462370681_10225965921991487_744920302006227969_n-2048x924.jpg 2048w\" sizes=\"auto, (max-width: 1024px) 100vw, 1024px\" \/><\/a><figcaption class=\"wp-element-caption\"><em>Foto de Koro<\/em><\/figcaption><\/figure>\n<\/div>\n\n\n<p>A la hora de comer es cuando mejor estaban las condiciones. Con buenos techos, aunque hab\u00eda que andar con ojo, que el viento en altura, a unos 2000, era ya fuertecillo (m\u00e1s de 20 km\/h), y muy de oeste.<br>Pero por abajo, en las laderas, se estaba bien, con viento de SW.<\/p>\n\n\n\n<p>Por desgracia, esta concentraci\u00f3n ha sido marcada por un par de accidentes. No fueron graves, pero en ambos hubo rescate en helic\u00f3ptero, con pierna rota.<br>Uno, en el mismo aterrizaje, a la hora de comer. El aviso de que ven\u00eda helic\u00f3ptero hizo que se ordenase el aterrizaje de todo el mundo, para dejar paso, como es l\u00f3gico.<br>Finalmente vino ambulancia, se llev\u00f3 al herido a Isaba, y desde all\u00ed se le traslad\u00f3 en helic\u00f3ptero a Pamplona.<\/p>\n\n\n\n<p>Por la tarde tuvimos que lamentar otro accidente, al verse un piloto arrastrado al sotavento del Lakora. En este caso fue el 112 franc\u00e9s quien acud\u00eda, y se llev\u00f3 al accidentado a Pau.<\/p>\n\n\n<div class=\"wp-block-image\">\n<figure class=\"aligncenter size-full\"><a href=\"http:\/\/alasdeleyre.com\/wp-content\/uploads\/2024\/10\/PXL_20241005_214535366-scaled.jpg\"><img loading=\"lazy\" decoding=\"async\" width=\"2560\" height=\"1920\" src=\"http:\/\/alasdeleyre.com\/wp-content\/uploads\/2024\/10\/PXL_20241005_214535366-scaled.jpg\" alt=\"\" class=\"wp-image-5394\" srcset=\"https:\/\/alasdeleyre.com\/wp-content\/uploads\/2024\/10\/PXL_20241005_214535366-scaled.jpg 2560w, https:\/\/alasdeleyre.com\/wp-content\/uploads\/2024\/10\/PXL_20241005_214535366-300x225.jpg 300w\" sizes=\"auto, (max-width: 2560px) 100vw, 2560px\" \/><\/a><\/figure>\n<\/div>\n\n\n<p>Al margen de esto, el d\u00eda transcurri\u00f3 con normalidad.<br>Gran cena, otra vez a cargo de Euskal Parrilla, que inclu\u00eda Rape Y Chulet\u00f3n.<br>La kupela ten\u00eda m\u00e1s seguimiento que cualquier briefing de la Liga Norte, eso estaba claro.<\/p>\n\n\n\n<p>Despu\u00e9s, la tradicional entrega de premios de la Liga Norte, con agradecimiento previo de la \u00abBailando con Lobos\u00bb a Carlos Anto\u00f1anzas por su ayuda en la prueba.<br>Y agradecimiento especial al Ayuntamiento de Isaba, y al propio Carlos, que ha gestionado ta la parte relacionada con Isaba, su pueblo.<\/p>\n\n\n<div class=\"wp-block-image\">\n<figure class=\"alignleft size-large is-resized\"><a href=\"https:\/\/alasdeleyre.com\/wp-content\/uploads\/2024\/10\/462464289_27782089228045009_2085220408502789659_n.jpg\"><img loading=\"lazy\" decoding=\"async\" width=\"682\" height=\"1024\" src=\"https:\/\/alasdeleyre.com\/wp-content\/uploads\/2024\/10\/462464289_27782089228045009_2085220408502789659_n-682x1024.jpg\" alt=\"\" class=\"wp-image-5391\" style=\"width:213px;height:auto\" srcset=\"https:\/\/alasdeleyre.com\/wp-content\/uploads\/2024\/10\/462464289_27782089228045009_2085220408502789659_n-682x1024.jpg 682w, https:\/\/alasdeleyre.com\/wp-content\/uploads\/2024\/10\/462464289_27782089228045009_2085220408502789659_n-200x300.jpg 200w, https:\/\/alasdeleyre.com\/wp-content\/uploads\/2024\/10\/462464289_27782089228045009_2085220408502789659_n-768x1154.jpg 768w, https:\/\/alasdeleyre.com\/wp-content\/uploads\/2024\/10\/462464289_27782089228045009_2085220408502789659_n-1022x1536.jpg 1022w, https:\/\/alasdeleyre.com\/wp-content\/uploads\/2024\/10\/462464289_27782089228045009_2085220408502789659_n.jpg 1363w\" sizes=\"auto, (max-width: 682px) 100vw, 682px\" \/><\/a><\/figure>\n<\/div>\n\n\n<p>Momento homenaje a todos los campeones y campeonas de la Liga Norte, con entrevista estelar a <strong>Antonio Ramos<\/strong>, su ganador (primer ma\u00f1o en ganarla).<\/p>\n\n\n\n<p>Sorteo de regalos varios (gracias a Alas de Leyre, Munich y ParaShop por la ayuda).<\/p>\n\n\n\n<p>Y luego, a tomar Isaba!!<\/p>\n\n\n\n<p><\/p>\n\n\n\n<p>El domingo no pudo volarse, ya que el d\u00eda sali\u00f3 muy tapado y ventoso, como estaba previsto.<\/p>\n\n\n\n<p><\/p>\n\n\n\n<p>As\u00ed que, a preparar el 2025, que ya tiene fecha, el 11 y 12 de octubre, por la coincidencia el finde anterior de la prueba de Liga Nacional en Hu\u00e9scar. <br>Ya est\u00e1 reservado el catering, por cierto <\/p>\n\n\n\n<p>Aqu\u00ed va algo de material gr\u00e1fico, para que os hag\u00e1is una idea de c\u00f3mo fue la cosa<\/p>\n\n\n\n<p><strong>Rakel<\/strong><\/p>\n\n\n<div class=\"wp-block-image\">\n<figure class=\"aligncenter size-full\"><a href=\"https:\/\/www.facebook.com\/groups\/LigaNorteParapente\/posts\/9128091417286580\/?__cft__[0]=AZXqNp-xYjvVu7RZI8E4hv9A1O9v2c-H7Slj0U0aAIy3wwgFp8e3-0SMkUnpUQwwsw1NXakI9ZjLzTzo1afAHRoYiRpqRMfCvOCWRgOrca1Al7dfF_iSCSwMKOrWdFU79GpNa0C2HaOXfYirJI3nPdIw&amp;__tn__=%2CO%2CP-R\" target=\"_blank\" rel=\"noreferrer noopener\"><img loading=\"lazy\" decoding=\"async\" width=\"677\" height=\"909\" src=\"https:\/\/alasdeleyre.com\/wp-content\/uploads\/2024\/10\/image-1.png\" alt=\"\" class=\"wp-image-5390\" srcset=\"https:\/\/alasdeleyre.com\/wp-content\/uploads\/2024\/10\/image-1.png 677w, https:\/\/alasdeleyre.com\/wp-content\/uploads\/2024\/10\/image-1-223x300.png 223w\" sizes=\"auto, (max-width: 677px) 100vw, 677px\" \/><\/a><\/figure>\n<\/div>\n\n\n<p><strong>\u00cd\u00f1igo Red\u00edn<\/strong><\/p>\n\n\n<div class=\"wp-block-image\">\n<figure class=\"aligncenter size-full\"><a href=\"https:\/\/photos.app.goo.gl\/U6CLp6QUZoNPHQzT8\" target=\"_blank\" rel=\"noreferrer noopener\"><img loading=\"lazy\" decoding=\"async\" width=\"726\" height=\"854\" src=\"https:\/\/alasdeleyre.com\/wp-content\/uploads\/2024\/10\/image-2.png\" alt=\"\" class=\"wp-image-5397\" srcset=\"https:\/\/alasdeleyre.com\/wp-content\/uploads\/2024\/10\/image-2.png 726w, https:\/\/alasdeleyre.com\/wp-content\/uploads\/2024\/10\/image-2-255x300.png 255w\" sizes=\"auto, (max-width: 726px) 100vw, 726px\" \/><\/a><\/figure>\n<\/div>","protected":false},"excerpt":{"rendered":"<p>Y un a\u00f1o m\u00e1s, fiel a su cita, a primeros de octubre, lleg\u00f3 la XXXIV Concentraci\u00f3n Valle de Belagua. 34 ediciones son muchas, mucha historia. Solo el COVID nos fastidi\u00f3 una edici\u00f3n, la de 2020, si no, ahora ser\u00edan ya 35 las ediciones de esta, la concentraci\u00f3n en activo m\u00e1s vieja por aqu\u00ed cerca. Este [&hellip;]<\/p>\n","protected":false},"author":1,"featured_media":0,"comment_status":"open","ping_status":"","sticky":false,"template":"","format":"standard","meta":{"ngg_post_thumbnail":0,"jetpack_post_was_ever_published":false,"_jetpack_newsletter_access":"","_jetpack_dont_email_post_to_subs":false,"_jetpack_newsletter_tier_id":0,"_jetpack_memberships_contains_paywalled_content":false,"_jetpack_memberships_contains_paid_content":false,"footnotes":""},"categories":[29,19,3,13],"tags":[56,21,30],"class_list":["post-5388","post","type-post","status-publish","format-standard","hentry","category-concentraciones-parapente","category-cronicas","category-liga-norte","category-parapente","tag-belagua","tag-liga-norte-2","tag-parapente-2"],"jetpack_featured_media_url":"","jetpack_sharing_enabled":true,"_links":{"self":[{"href":"https:\/\/alasdeleyre.com\/index.php?rest_route=\/wp\/v2\/posts\/5388","targetHints":{"allow":["GET"]}}],"collection":[{"href":"https:\/\/alasdeleyre.com\/index.php?rest_route=\/wp\/v2\/posts"}],"about":[{"href":"https:\/\/alasdeleyre.com\/index.php?rest_route=\/wp\/v2\/types\/post"}],"author":[{"embeddable":true,"href":"https:\/\/alasdeleyre.com\/index.php?rest_route=\/wp\/v2\/users\/1"}],"replies":[{"embeddable":true,"href":"https:\/\/alasdeleyre.com\/index.php?rest_route=%2Fwp%2Fv2%2Fcomments&post=5388"}],"version-history":[{"count":3,"href":"https:\/\/alasdeleyre.com\/index.php?rest_route=\/wp\/v2\/posts\/5388\/revisions"}],"predecessor-version":[{"id":5398,"href":"https:\/\/alasdeleyre.com\/index.php?rest_route=\/wp\/v2\/posts\/5388\/revisions\/5398"}],"wp:attachment":[{"href":"https:\/\/alasdeleyre.com\/index.php?rest_route=%2Fwp%2Fv2%2Fmedia&parent=5388"}],"wp:term":[{"taxonomy":"category","embeddable":true,"href":"https:\/\/alasdeleyre.com\/index.php?rest_route=%2Fwp%2Fv2%2Fcategories&post=5388"},{"taxonomy":"post_tag","embeddable":true,"href":"https:\/\/alasdeleyre.com\/index.php?rest_route=%2Fwp%2Fv2%2Ftags&post=5388"}],"curies":[{"name":"wp","href":"https:\/\/api.w.org\/{rel}","templated":true}]}}