{"id":5493,"date":"2025-04-11T19:45:03","date_gmt":"2025-04-11T17:45:03","guid":{"rendered":"https:\/\/alasdeleyre.com\/?p=5493"},"modified":"2025-04-14T08:50:35","modified_gmt":"2025-04-14T06:50:35","slug":"liga-norte-2025-6-de-abril-la-cronica","status":"publish","type":"post","link":"https:\/\/alasdeleyre.com\/?p=5493","title":{"rendered":"LIGA NORTE 2025 &#8211; 6 de abril &#8211; LA CR\u00d3NICA"},"content":{"rendered":"\n<p>Tras mucho rodeo, por fin inauguramos la Liga Norte 2025<br><\/p>\n\n\n<div class=\"wp-block-image\">\n<figure class=\"aligncenter size-large\"><a href=\"https:\/\/alasdeleyre.com\/wp-content\/uploads\/2025\/04\/489778299_29774055112181734_5932015598409635259_n.jpg\"><img loading=\"lazy\" decoding=\"async\" width=\"1024\" height=\"576\" src=\"https:\/\/alasdeleyre.com\/wp-content\/uploads\/2025\/04\/489778299_29774055112181734_5932015598409635259_n-1024x576.jpg\" alt=\"\" class=\"wp-image-5495\" srcset=\"https:\/\/alasdeleyre.com\/wp-content\/uploads\/2025\/04\/489778299_29774055112181734_5932015598409635259_n-1024x576.jpg 1024w, https:\/\/alasdeleyre.com\/wp-content\/uploads\/2025\/04\/489778299_29774055112181734_5932015598409635259_n-300x169.jpg 300w, https:\/\/alasdeleyre.com\/wp-content\/uploads\/2025\/04\/489778299_29774055112181734_5932015598409635259_n-768x432.jpg 768w, https:\/\/alasdeleyre.com\/wp-content\/uploads\/2025\/04\/489778299_29774055112181734_5932015598409635259_n-1536x864.jpg 1536w, https:\/\/alasdeleyre.com\/wp-content\/uploads\/2025\/04\/489778299_29774055112181734_5932015598409635259_n.jpg 2048w\" sizes=\"auto, (max-width: 1024px) 100vw, 1024px\" \/><\/a><figcaption class=\"wp-element-caption\"><em>Foto de Rakel<\/em><\/figcaption><\/figure>\n<\/div>\n\n\n<p>De nuevo la m\u00e9teo nos estuvo toreando un poco. Bueno, vale, la m\u00e9teo, y la propia organizaci\u00f3n, quiz\u00e1s.<\/p>\n\n\n\n<p>Se puso la prueba en Genevilla (decisi\u00f3n tard\u00eda, otra vez, ya que las predicciones m\u00e9teo eran extremadamente primaverales).<br>Sin embargo, nos entr\u00f3 el canguelo (a nosotros, a la organizaci\u00f3n) al ver un cambio en la intensidad del viento para Genevilla. Y el d\u00eda antes, cambiamos el destino a Ribafrecha.<\/p>\n\n\n\n<p>S\u00f3lo pudimos hacer una manga, la del <strong>domingo<\/strong>. Y, la verdad, la participaci\u00f3n, 47 personas, fue muy buena, teniendo en cuenta el toreo previo y que solo ven\u00edamos para un d\u00eda.<br>Como siempre, muchas gracias a esos y esas incondicionales participantes (no solo los que vuelan) de la Liga Norte.<\/p>\n\n\n\n<p>La m\u00e9teo, pues no era mala, la verdad. Vientos de unos 15 km\/h de NW, techos de hasta 1900. Cielo bonito, plagado de nubes. Pintaba bien la cosa, la verdad.<br>Si bien, hab\u00eda el t\u00edpico riesgo de esta zona de que el viento se acelerase algo.<\/p>\n\n\n<div class=\"wp-block-image\">\n<figure class=\"alignleft size-full\"><a href=\"https:\/\/www.livetrack24.com\/tasks\/4967\" target=\"_blank\" rel=\" noreferrer noopener\"><img loading=\"lazy\" decoding=\"async\" width=\"396\" height=\"209\" src=\"https:\/\/alasdeleyre.com\/wp-content\/uploads\/2025\/04\/image-2.png\" alt=\"\" class=\"wp-image-5496\" srcset=\"https:\/\/alasdeleyre.com\/wp-content\/uploads\/2025\/04\/image-2.png 396w, https:\/\/alasdeleyre.com\/wp-content\/uploads\/2025\/04\/image-2-300x158.png 300w\" sizes=\"auto, (max-width: 396px) 100vw, 396px\" \/><\/a><\/figure>\n<\/div>\n\n\n<p>La prueba, tradicional en la zona, una manga de 64 km, casi viento en cola, tras un peque\u00f1o zig zag inicial (casi que era solo \u00abzig\u00bb por lo corto que era esta vez).<\/p>\n\n\n\n<p>Se esperaba mucha gente en el gol de Cintru\u00e9nigo.<\/p>\n\n\n\n<p><\/p>\n\n\n\n<p>Nada m\u00e1s despegar se vio que el d\u00eda era bonito: buenas condiciones, c\u00f3modas, viento de no m\u00e1s de 15 km\/h, sin turbulencia. Buen d\u00eda para inaugurar esta Liga Norte 2025.<\/p>\n\n\n<div class=\"wp-block-image\">\n<figure class=\"alignright size-large is-resized\"><a href=\"https:\/\/alasdeleyre.com\/wp-content\/uploads\/2025\/04\/image-3.png\"><img loading=\"lazy\" decoding=\"async\" width=\"1024\" height=\"717\" src=\"https:\/\/alasdeleyre.com\/wp-content\/uploads\/2025\/04\/image-3-1024x717.png\" alt=\"\" class=\"wp-image-5497\" style=\"width:495px;height:auto\" srcset=\"https:\/\/alasdeleyre.com\/wp-content\/uploads\/2025\/04\/image-3-1024x717.png 1024w, https:\/\/alasdeleyre.com\/wp-content\/uploads\/2025\/04\/image-3-300x210.png 300w, https:\/\/alasdeleyre.com\/wp-content\/uploads\/2025\/04\/image-3-768x538.png 768w, https:\/\/alasdeleyre.com\/wp-content\/uploads\/2025\/04\/image-3.png 1093w\" sizes=\"auto, (max-width: 1024px) 100vw, 1024px\" \/><\/a><\/figure>\n<\/div>\n\n\n<p>Hab\u00eda ciclos variados antes del Start Point, y esto hizo que unos pocos pilotos pudieran hacer m\u00e1s altos la salida.<\/p>\n\n\n\n<p>Pero nada m\u00e1s hacerse la primera baliza, y volver al oeste a por la siguiente (\u00faltima del zigzag), se vi\u00f3 2 grandes diferencias: los que iban a toda pastilla por la ladera, bajos, y otros, un poco m\u00e1s lento, pero siguiendo una calle de nubes que les llevaba a la baliza sin girar. Y que, al final, les dio cierta ventaja.<\/p>\n\n\n\n<p>Al final, como simepre, ambos grupos se juntan antes de saltar hacia el este, hacia Lagunilla\/Ventas Blancas.<br>Pero alguno logr\u00f3 escaparse al hacer muy bien la primera parte, escogiendo la mejor l\u00ednea. Por ejemplo Jose F\u00e9lix e I\u00f1igo Gabiria.<\/p>\n\n\n\n<p>Lo mejor, ver lo que cuenta Jose F\u00e9lix en su entrevista como ganador de la manga. Con estupendas im\u00e1genes grabadas por Tuti360.<\/p>\n\n\n\n<figure class=\"wp-block-embed is-type-video is-provider-youtube wp-block-embed-youtube wp-embed-aspect-16-9 wp-has-aspect-ratio\"><div class=\"wp-block-embed__wrapper\">\n<iframe loading=\"lazy\" title=\"Liga Norte 2025 - 5 abril - Ribafrecha - Jose F\u00e9lix Hormaetxe\" width=\"500\" height=\"281\" src=\"https:\/\/www.youtube.com\/embed\/zJLaX1k_7bY?feature=oembed\" frameborder=\"0\" allow=\"accelerometer; autoplay; clipboard-write; encrypted-media; gyroscope; picture-in-picture; web-share\" referrerpolicy=\"strict-origin-when-cross-origin\" allowfullscreen><\/iframe>\n<\/div><\/figure>\n\n\n\n<p><\/p>\n\n\n\n<p>O sea, que el d\u00eda se puso m\u00e1s ventoso de lo deseable. Por suerte era bastante laminar, y manejable.<\/p>\n\n\n\n<p>Jose F\u00e9lix se llevar\u00eda la manga, a bordo de su Enzo 3, en 1:34:08, a 39.3 km\/h de media.<br>Gabiria se qued\u00f3 a escasos 400 m de la confirmaci\u00f3n del gol, a tan solo 14 segundos de Jose F\u00e9lix. Recordemos que vol\u00f3 una OZONE Lyght, que es clase SPORT. Ojito a la guerra que van a dar este a\u00f1o.<\/p>\n\n\n\n<p>Tras Jose F\u00e9lix, en gol, Gorka Tornos a m\u00e1s de 6 minutazos, \u00c1lvaro Rebollo un poco antes, pero con menos leading points&#8230; Y as\u00ed hasta 6 pilotos. As\u00ed que, menos d elos esperados por la organizaci\u00f3n.<br>El \u00faltimo en gol, Robert Jim\u00e9nez, salv\u00e1ndose en una mini ladera a 3 km de gol (algo que tambi\u00e9n har\u00eda antes Unai Olaso).<\/p>\n\n\n\n<p>El mencionado Gabiria, y tambi\u00e9n Iv\u00e1n Col\u00e1s no pudieron confirmar el gol.<\/p>\n\n\n\n<p>Luego un mont\u00f3n de pilotos repartidos intentando encontrar esa \u00faltima t\u00e9rmica salvadora, qu eno lleg\u00f3. No estaba f\u00e1cil, ya que el viento hab\u00eda subido hasta casi 25 km\/h, y girar esdas t\u00e9rmicas se hac\u00eda complicado.<\/p>\n\n\n\n<p><\/p>\n\n\n\n<p>Puedes consultar las clasificaciones: <a href=\"https:\/\/www.alasdeleyre.com\/viejo\/Clasificaciones\/Nacionales\/Liga_norte\/2025\/LIGA_NORTE_2025-M01-Ribafrecha.pdf\" target=\"_blank\" rel=\"noreferrer noopener\">Manga<\/a>, <a href=\"https:\/\/www.alasdeleyre.com\/viejo\/Clasificaciones\/Nacionales\/Liga_norte\/2025\/LIGA_NORTE_2025-GENERAL_(M01).pdf\" target=\"_blank\" rel=\"noreferrer noopener\">General<\/a> tras esa manga.<\/p>\n\n\n\n<p>Y, como siempre, un poco de multimedia sobre esta manga<\/p>\n\n\n\n<p><strong>\u00cd\u00f1igo<\/strong><\/p>\n\n\n\n<figure class=\"wp-block-embed is-type-video is-provider-youtube wp-block-embed-youtube wp-embed-aspect-16-9 wp-has-aspect-ratio\"><div class=\"wp-block-embed__wrapper\">\n<iframe loading=\"lazy\" title=\"Liga Norte 2025 - 6 abril - Ribafrecha\" width=\"500\" height=\"281\" src=\"https:\/\/www.youtube.com\/embed\/lTKjAvPT44Y?feature=oembed\" frameborder=\"0\" allow=\"accelerometer; autoplay; clipboard-write; encrypted-media; gyroscope; picture-in-picture; web-share\" referrerpolicy=\"strict-origin-when-cross-origin\" allowfullscreen><\/iframe>\n<\/div><\/figure>\n\n\n\n<p><strong>Rakel<\/strong><\/p>\n\n\n\n<figure class=\"wp-block-image size-full\"><a href=\"https:\/\/www.facebook.com\/groups\/LigaNorteParapente\/posts\/24051272371208573\/?__cft__[0]=AZWQtiSWo7lEdLahuldBgucawFkK5O56D8J8DMZwSGwRopqHk2tIlKB_W7jNDygNaWMtssCOFTMTKDvSHAbJiHC5jL4jl3ZlEmNMfh6oDrbFbfQ7Wti8Nws8Sz3GJv_wHQihLggMxa8wkewvRmaxVNpkUZV0WBN4s6m5yqFT8RE1Wj60wKpg38PzXxFHsNFReHreg-_K5qSQCfyP8XwSduIZCIu7S4F_92kxGT1NnOz7Xg&amp;__tn__=%2CO%2CP-R\" target=\"_blank\" rel=\" noreferrer noopener\"><img loading=\"lazy\" decoding=\"async\" width=\"541\" height=\"683\" src=\"https:\/\/alasdeleyre.com\/wp-content\/uploads\/2025\/04\/image-1.png\" alt=\"\" class=\"wp-image-5494\" srcset=\"https:\/\/alasdeleyre.com\/wp-content\/uploads\/2025\/04\/image-1.png 541w, https:\/\/alasdeleyre.com\/wp-content\/uploads\/2025\/04\/image-1-238x300.png 238w\" sizes=\"auto, (max-width: 541px) 100vw, 541px\" \/><\/a><\/figure>\n\n\n\n<p><strong>Robert<\/strong><\/p>\n\n\n\n<figure class=\"wp-block-image size-full\"><a href=\"https:\/\/www.facebook.com\/robert.jimenezblanco\/posts\/pfbid055165WsMfhR4JjQPmARuh8XLyrvnRJi2hHKF2vBgjsFERX5ZhUNcqaXb37fvQM6Sl?__cft__[0]=AZUHoIN5E7AOQbpAYMRZj7Fy0RfBz_GZYldrV5cdl9TyEd6IVuzyi-KXlYZJnnBdy-Wyfv85ZGsJG1QoKQ-BwI8h-Xi0IAcUioL2pbRikY1fKPNp5cscT6roOhISLHUMLMi-lp_B7M6Wz-U5TLRe5dnADhs5BUE1e1K_BWXeRijr3g&amp;__tn__=%2CO%2CP-R\" target=\"_blank\" rel=\" noreferrer noopener\"><img loading=\"lazy\" decoding=\"async\" width=\"678\" height=\"673\" src=\"https:\/\/alasdeleyre.com\/wp-content\/uploads\/2025\/04\/image-4.png\" alt=\"\" class=\"wp-image-5510\" srcset=\"https:\/\/alasdeleyre.com\/wp-content\/uploads\/2025\/04\/image-4.png 678w, https:\/\/alasdeleyre.com\/wp-content\/uploads\/2025\/04\/image-4-300x298.png 300w, https:\/\/alasdeleyre.com\/wp-content\/uploads\/2025\/04\/image-4-150x150.png 150w\" sizes=\"auto, (max-width: 678px) 100vw, 678px\" \/><\/a><\/figure>\n","protected":false},"excerpt":{"rendered":"<p>Tras mucho rodeo, por fin inauguramos la Liga Norte 2025 De nuevo la m\u00e9teo nos estuvo toreando un poco. Bueno, vale, la m\u00e9teo, y la propia organizaci\u00f3n, quiz\u00e1s. Se puso la prueba en Genevilla (decisi\u00f3n tard\u00eda, otra vez, ya que las predicciones m\u00e9teo eran extremadamente primaverales).Sin embargo, nos entr\u00f3 el canguelo (a nosotros, a la [&hellip;]<\/p>\n","protected":false},"author":1,"featured_media":0,"comment_status":"open","ping_status":"","sticky":false,"template":"","format":"standard","meta":{"ngg_post_thumbnail":0,"jetpack_post_was_ever_published":false,"_jetpack_newsletter_access":"","_jetpack_dont_email_post_to_subs":false,"_jetpack_newsletter_tier_id":0,"_jetpack_memberships_contains_paywalled_content":false,"_jetpack_memberships_contains_paid_content":false,"footnotes":""},"categories":[19,3,13],"tags":[],"class_list":["post-5493","post","type-post","status-publish","format-standard","hentry","category-cronicas","category-liga-norte","category-parapente"],"jetpack_featured_media_url":"","jetpack_sharing_enabled":true,"_links":{"self":[{"href":"https:\/\/alasdeleyre.com\/index.php?rest_route=\/wp\/v2\/posts\/5493","targetHints":{"allow":["GET"]}}],"collection":[{"href":"https:\/\/alasdeleyre.com\/index.php?rest_route=\/wp\/v2\/posts"}],"about":[{"href":"https:\/\/alasdeleyre.com\/index.php?rest_route=\/wp\/v2\/types\/post"}],"author":[{"embeddable":true,"href":"https:\/\/alasdeleyre.com\/index.php?rest_route=\/wp\/v2\/users\/1"}],"replies":[{"embeddable":true,"href":"https:\/\/alasdeleyre.com\/index.php?rest_route=%2Fwp%2Fv2%2Fcomments&post=5493"}],"version-history":[{"count":8,"href":"https:\/\/alasdeleyre.com\/index.php?rest_route=\/wp\/v2\/posts\/5493\/revisions"}],"predecessor-version":[{"id":5511,"href":"https:\/\/alasdeleyre.com\/index.php?rest_route=\/wp\/v2\/posts\/5493\/revisions\/5511"}],"wp:attachment":[{"href":"https:\/\/alasdeleyre.com\/index.php?rest_route=%2Fwp%2Fv2%2Fmedia&parent=5493"}],"wp:term":[{"taxonomy":"category","embeddable":true,"href":"https:\/\/alasdeleyre.com\/index.php?rest_route=%2Fwp%2Fv2%2Fcategories&post=5493"},{"taxonomy":"post_tag","embeddable":true,"href":"https:\/\/alasdeleyre.com\/index.php?rest_route=%2Fwp%2Fv2%2Ftags&post=5493"}],"curies":[{"name":"wp","href":"https:\/\/api.w.org\/{rel}","templated":true}]}}