{"id":5645,"date":"2025-06-02T21:00:00","date_gmt":"2025-06-02T19:00:00","guid":{"rendered":"https:\/\/alasdeleyre.com\/?p=5645"},"modified":"2025-07-01T21:13:04","modified_gmt":"2025-07-01T19:13:04","slug":"liga-norte-2025-31-mayo-arangoiti-la-cronica","status":"publish","type":"post","link":"https:\/\/alasdeleyre.com\/?p=5645","title":{"rendered":"LIGA NORTE 2025 &#8211; 31 mayo &#8211; ARANGOITI &#8211; LA CR\u00d3NICA"},"content":{"rendered":"\n<p>Otro finde m\u00e1s, para intentar llegar a las 6 mangas (y as\u00ed anular las reservas de julio y agosto).<br>Pero no, la m\u00e9teo del domingo se torci\u00f3 un poco (o, seg\u00fan se mire, mejor\u00f3 hasta casi permitirnos hacer la manga).<br>As\u00ed que hablaremos del s\u00e1bado.<br><\/p>\n\n\n<div class=\"wp-block-image\">\n<figure class=\"aligncenter size-large\"><a href=\"https:\/\/alasdeleyre.com\/wp-content\/uploads\/2025\/06\/506729042_30687681120819124_2860558789973815113_n.jpg\"><img loading=\"lazy\" decoding=\"async\" width=\"1024\" height=\"683\" src=\"https:\/\/alasdeleyre.com\/wp-content\/uploads\/2025\/06\/506729042_30687681120819124_2860558789973815113_n-1024x683.jpg\" alt=\"\" class=\"wp-image-5664\" srcset=\"https:\/\/alasdeleyre.com\/wp-content\/uploads\/2025\/06\/506729042_30687681120819124_2860558789973815113_n-1024x683.jpg 1024w, https:\/\/alasdeleyre.com\/wp-content\/uploads\/2025\/06\/506729042_30687681120819124_2860558789973815113_n-300x200.jpg 300w, https:\/\/alasdeleyre.com\/wp-content\/uploads\/2025\/06\/506729042_30687681120819124_2860558789973815113_n-768x512.jpg 768w, https:\/\/alasdeleyre.com\/wp-content\/uploads\/2025\/06\/506729042_30687681120819124_2860558789973815113_n-1536x1024.jpg 1536w, https:\/\/alasdeleyre.com\/wp-content\/uploads\/2025\/06\/506729042_30687681120819124_2860558789973815113_n.jpg 2048w\" sizes=\"auto, (max-width: 1024px) 100vw, 1024px\" \/><\/a><figcaption class=\"wp-element-caption\"><em>Foto de Rakel<\/em><\/figcaption><\/figure>\n<\/div>\n\n\n<p>53 nos juntamos en Arangoiti. para un d\u00eda de m\u00e9teo \u00abrarita\u00bb.<br>Las previsiones por un lado era buenas, pero por otro no. Que si inversiones, viento muy fuerte en altura, que si tal y cual&#8230;<\/p>\n\n\n\n<p>Total, que se puso una manga \u00ababurrida\u00bb pero que aseguraba un buen n\u00famero de personas en gol. O, al menos, eso esper\u00e1bamos.<\/p>\n\n\n\n<h2 class=\"wp-block-heading\">S\u00c1BADO<\/h2>\n\n\n<div class=\"wp-block-image\">\n<figure class=\"alignleft size-full\"><a href=\"https:\/\/www.livetrack24.com\/tasks\/4972\" target=\"_blank\" rel=\" noreferrer noopener\"><img loading=\"lazy\" decoding=\"async\" width=\"392\" height=\"213\" src=\"https:\/\/alasdeleyre.com\/wp-content\/uploads\/2025\/06\/image-2.png\" alt=\"\" class=\"wp-image-5665\" srcset=\"https:\/\/alasdeleyre.com\/wp-content\/uploads\/2025\/06\/image-2.png 392w, https:\/\/alasdeleyre.com\/wp-content\/uploads\/2025\/06\/image-2-300x163.png 300w\" sizes=\"auto, (max-width: 392px) 100vw, 392px\" \/><\/a><\/figure>\n<\/div>\n\n\n<p>Quiz\u00e1s esta sea la manga cl\u00e1sica m\u00e1s cl\u00e1sica de todas.<br>Y, es curioso, aunque la hayamos hecho muchas veces, siempre hay cosillas que la hacen distinta.<\/p>\n\n\n\n<p>Gol directo a Jaca, sin mucho misterio, a parte de una baliza en Soman\u00e9s para que la gente no vaya por encima del aer\u00f3dromo de Santa Cilia. Lo cual hac\u00eda que, encima, la manga fuera menos variada, al encaminar a todo el mundo por esa baliza.<\/p>\n\n\n\n<p>La m\u00e9teo hac\u00eda suponer que iba a ser una manga lenta. Bueno, la m\u00e9teo no, la previsi\u00f3n m\u00e9teo. <\/p>\n\n\n\n<p>De hecho, el principio de la manga fue curioso. Los primeros que despegaron, m\u00e1s de 1 hora antes del Start Point, vieron que, efectivamente, hab\u00eda un buen taponazo que no dejaba subir m\u00e1s que unos pocos cientos de metros sobre el despegue. Esa previsi\u00f3n de vientos fuertes en altura hac\u00eda que esa capa hiciera de tope del d\u00eda. Sobre los 1600 aproximadamente.<\/p>\n\n\n<div class=\"wp-block-image\">\n<figure class=\"alignright size-large is-resized\"><a href=\"https:\/\/alasdeleyre.com\/wp-content\/uploads\/2025\/06\/image-3.png\"><img loading=\"lazy\" decoding=\"async\" width=\"1024\" height=\"458\" src=\"https:\/\/alasdeleyre.com\/wp-content\/uploads\/2025\/06\/image-3-1024x458.png\" alt=\"\" class=\"wp-image-5666\" style=\"width:511px;height:auto\" srcset=\"https:\/\/alasdeleyre.com\/wp-content\/uploads\/2025\/06\/image-3-1024x458.png 1024w, https:\/\/alasdeleyre.com\/wp-content\/uploads\/2025\/06\/image-3-300x134.png 300w, https:\/\/alasdeleyre.com\/wp-content\/uploads\/2025\/06\/image-3-768x344.png 768w, https:\/\/alasdeleyre.com\/wp-content\/uploads\/2025\/06\/image-3-1536x687.png 1536w, https:\/\/alasdeleyre.com\/wp-content\/uploads\/2025\/06\/image-3.png 1558w\" sizes=\"auto, (max-width: 1024px) 100vw, 1024px\" \/><\/a><\/figure>\n<\/div>\n\n\n<p>Pero justo antes del SP, algunos pilotos parec\u00eda que empezaban a romper esa inversi\u00f3n, y consegu\u00edan subirse a un techo que hac\u00eda presagiar que el d\u00eda iba a ser mejor de lo esperado.<\/p>\n\n\n\n<p>Mientras que los de cabeza sal\u00edan con lo justo, incluso teniendo que rodear la temida \u00abrestricci\u00f3n de los nidos\u00bb, otros, un poco m\u00e1s atr\u00e1s, consegu\u00edan salir (m\u00e1s tarde) con unos 1000 m m\u00e1s.<\/p>\n\n\n\n<p>Pero, nada, la cabeza, como misiles, por la ladera, sin parar, que no vale la pena.<br>Al llegar a Orba, hab\u00eda que decidir un poco por d\u00f3nde ir, y Xabi&#8230;<\/p>\n\n\n\n<p>Bueno, mejor que nos lo cuente \u00e9l, que es menos aburrido que leer una parrafada:<\/p>\n\n\n\n<figure class=\"wp-block-embed is-type-video is-provider-youtube wp-block-embed-youtube wp-embed-aspect-16-9 wp-has-aspect-ratio\"><div class=\"wp-block-embed__wrapper\">\n<iframe loading=\"lazy\" title=\"Liga Norte 2025 - Arangoiti - Entrevista a Xabi\" width=\"500\" height=\"281\" src=\"https:\/\/www.youtube.com\/embed\/ZrT6LaV3Ytw?feature=oembed\" frameborder=\"0\" allow=\"accelerometer; autoplay; clipboard-write; encrypted-media; gyroscope; picture-in-picture; web-share\" referrerpolicy=\"strict-origin-when-cross-origin\" allowfullscreen><\/iframe>\n<\/div><\/figure>\n\n\n\n<p>En definitiva, mejor d\u00eda de lo esperado, pero mucho mejor!<\/p>\n\n\n\n<p>20 pilotos en gol, con una diferencia de unos 48 minutos entre el primero (Xabi, en 1:41) y el \u00faltimo (Juanjo, en 2:19).<br>La cabeza muy, muy apretada, 9 segundos solamente entre ellos.<\/p>\n\n\n\n<p>Y, en general, la gente muy contenta con el d\u00eda.<\/p>\n\n\n\n<p>Puedes ver la clasificaci\u00f3n de la <a href=\"https:\/\/www.alasdeleyre.com\/viejo\/Clasificaciones\/Nacionales\/Liga_norte\/2025\/LIGA_NORTE_2025-M05-Arangoiti.pdf\" target=\"_blank\" rel=\"noreferrer noopener\">manga<\/a> y la de la <a href=\"https:\/\/www.alasdeleyre.com\/viejo\/Clasificaciones\/Nacionales\/Liga_norte\/2025\/LIGA_NORTE_2025-GENERAL(M05).pdf\" target=\"_blank\" rel=\"noreferrer noopener\">general<\/a> tras esta manga.<\/p>\n\n\n\n<p><\/p>\n\n\n\n<p>Y, como siempre, un poco de multimedia sobre esta manga (la dle domingo se anul\u00f3 por falta de tracks, debido a un d\u00eda, digamos, peliagudito)<\/p>\n\n\n\n<h2 class=\"wp-block-heading\">Rakel<\/h2>\n\n\n<div class=\"wp-block-image\">\n<figure class=\"aligncenter size-full is-resized\"><a href=\"https:\/\/www.facebook.com\/groups\/LigaNorteParapente\/posts\/24550327991303006\/?__cft__[0]=AZVvbC0pUxHKttxUf9Uh_wyLH4LnMVOaJvPSYm_YFome6WVBReGGnoGW69svjFQiVeW_vHBUt_p_-bt6ayrd1Vgl7Uo1TibYswwMGIAylpKvBVqwxcSTp5Aie08T1hsDFmM6r29-PEvOkswqhNzIuGCt6ZKi3uSvlz8VUFDCPqis_69jOeuXLd6JC89NLQZD_6ASn91ooxHw04Xeo5aBWKB2&amp;__tn__=%2CO%2CP-R\" target=\"_blank\" rel=\" noreferrer noopener\"><img loading=\"lazy\" decoding=\"async\" width=\"676\" height=\"794\" src=\"https:\/\/alasdeleyre.com\/wp-content\/uploads\/2025\/06\/image.png\" alt=\"\" class=\"wp-image-5659\" style=\"width:840px;height:auto\" srcset=\"https:\/\/alasdeleyre.com\/wp-content\/uploads\/2025\/06\/image.png 676w, https:\/\/alasdeleyre.com\/wp-content\/uploads\/2025\/06\/image-255x300.png 255w\" sizes=\"auto, (max-width: 676px) 100vw, 676px\" \/><\/a><\/figure>\n<\/div>\n\n\n<h2 class=\"wp-block-heading\">Javi Cacheiro<\/h2>\n\n\n<div class=\"wp-block-image\">\n<figure class=\"aligncenter size-large\"><a href=\"https:\/\/www.facebook.com\/reel\/615328807528262\" target=\"_blank\" rel=\" noreferrer noopener\"><img loading=\"lazy\" decoding=\"async\" width=\"581\" height=\"1024\" src=\"https:\/\/alasdeleyre.com\/wp-content\/uploads\/2025\/06\/image-1-581x1024.png\" alt=\"\" class=\"wp-image-5660\" srcset=\"https:\/\/alasdeleyre.com\/wp-content\/uploads\/2025\/06\/image-1-581x1024.png 581w, https:\/\/alasdeleyre.com\/wp-content\/uploads\/2025\/06\/image-1-170x300.png 170w, https:\/\/alasdeleyre.com\/wp-content\/uploads\/2025\/06\/image-1.png 606w\" sizes=\"auto, (max-width: 581px) 100vw, 581px\" \/><\/a><\/figure>\n<\/div>","protected":false},"excerpt":{"rendered":"<p>Otro finde m\u00e1s, para intentar llegar a las 6 mangas (y as\u00ed anular las reservas de julio y agosto).Pero no, la m\u00e9teo del domingo se torci\u00f3 un poco (o, seg\u00fan se mire, mejor\u00f3 hasta casi permitirnos hacer la manga).As\u00ed que hablaremos del s\u00e1bado. 53 nos juntamos en Arangoiti. para un d\u00eda de m\u00e9teo \u00abrarita\u00bb.Las previsiones [&hellip;]<\/p>\n","protected":false},"author":1,"featured_media":0,"comment_status":"open","ping_status":"","sticky":false,"template":"","format":"standard","meta":{"ngg_post_thumbnail":0,"jetpack_post_was_ever_published":false,"_jetpack_newsletter_access":"","_jetpack_dont_email_post_to_subs":false,"_jetpack_newsletter_tier_id":0,"_jetpack_memberships_contains_paywalled_content":false,"_jetpack_memberships_contains_paid_content":false,"footnotes":""},"categories":[19,3,13],"tags":[],"class_list":["post-5645","post","type-post","status-publish","format-standard","hentry","category-cronicas","category-liga-norte","category-parapente"],"jetpack_featured_media_url":"","jetpack_sharing_enabled":true,"_links":{"self":[{"href":"https:\/\/alasdeleyre.com\/index.php?rest_route=\/wp\/v2\/posts\/5645","targetHints":{"allow":["GET"]}}],"collection":[{"href":"https:\/\/alasdeleyre.com\/index.php?rest_route=\/wp\/v2\/posts"}],"about":[{"href":"https:\/\/alasdeleyre.com\/index.php?rest_route=\/wp\/v2\/types\/post"}],"author":[{"embeddable":true,"href":"https:\/\/alasdeleyre.com\/index.php?rest_route=\/wp\/v2\/users\/1"}],"replies":[{"embeddable":true,"href":"https:\/\/alasdeleyre.com\/index.php?rest_route=%2Fwp%2Fv2%2Fcomments&post=5645"}],"version-history":[{"count":5,"href":"https:\/\/alasdeleyre.com\/index.php?rest_route=\/wp\/v2\/posts\/5645\/revisions"}],"predecessor-version":[{"id":5668,"href":"https:\/\/alasdeleyre.com\/index.php?rest_route=\/wp\/v2\/posts\/5645\/revisions\/5668"}],"wp:attachment":[{"href":"https:\/\/alasdeleyre.com\/index.php?rest_route=%2Fwp%2Fv2%2Fmedia&parent=5645"}],"wp:term":[{"taxonomy":"category","embeddable":true,"href":"https:\/\/alasdeleyre.com\/index.php?rest_route=%2Fwp%2Fv2%2Fcategories&post=5645"},{"taxonomy":"post_tag","embeddable":true,"href":"https:\/\/alasdeleyre.com\/index.php?rest_route=%2Fwp%2Fv2%2Ftags&post=5645"}],"curies":[{"name":"wp","href":"https:\/\/api.w.org\/{rel}","templated":true}]}}