{"id":5671,"date":"2025-07-01T21:25:47","date_gmt":"2025-07-01T19:25:47","guid":{"rendered":"https:\/\/alasdeleyre.com\/?p=5671"},"modified":"2025-08-23T02:22:32","modified_gmt":"2025-08-23T00:22:32","slug":"liga-norte-2025-28-29-junio-blancas-loarre-la-cronica","status":"publish","type":"post","link":"https:\/\/alasdeleyre.com\/?p=5671","title":{"rendered":"LIGA NORTE 2025 &#8211; 28, 29 JUNIO &#8211; BLANCAS &#8211; LA CR\u00d3NICA"},"content":{"rendered":"\n<p>Otro finde completo de Liga Norte!!!<br>Aunque hemos de decir que nos ha sorprendido la escasa participaci\u00f3n (32 el s\u00e1bado, 27 el domingo). Suponemos que el verano hace mella&#8230;<br><\/p>\n\n\n<div class=\"wp-block-image\">\n<figure class=\"aligncenter size-full\"><a href=\"https:\/\/alasdeleyre.com\/wp-content\/uploads\/2025\/07\/erXino-en-Blancas-scaled.jpg\"><img loading=\"lazy\" decoding=\"async\" width=\"2560\" height=\"1707\" src=\"https:\/\/alasdeleyre.com\/wp-content\/uploads\/2025\/07\/erXino-en-Blancas-scaled.jpg\" alt=\"\" class=\"wp-image-5672\" srcset=\"https:\/\/alasdeleyre.com\/wp-content\/uploads\/2025\/07\/erXino-en-Blancas-scaled.jpg 2560w, https:\/\/alasdeleyre.com\/wp-content\/uploads\/2025\/07\/erXino-en-Blancas-300x200.jpg 300w\" sizes=\"auto, (max-width: 2560px) 100vw, 2560px\" \/><\/a><figcaption class=\"wp-element-caption\"><em>Fotaza de Rakel<\/em><\/figcaption><\/figure>\n<\/div>\n\n\n<p>Pues s\u00ed, a pesar de un finde at\u00f3mico, con condiciones estupendas de vuelo: buenos techos, poco viento, sin problemas de nubarracos, etc&#8230;, curiosamente la participaci\u00f3n fue escasilla.<br>Y nosotros que est\u00e1bamos preocupados por el tema de las subidas al despegue, los permisos para subir, etc&#8230;<\/p>\n\n\n\n<p>Total, la ventaja de una participaci\u00f3n escasa, es que se facilit\u00f3 todo, y los horarios cuadraron mucho m\u00e1s.<\/p>\n\n\n\n<p>Primer finde en el que hacemos las 2 mangas en el mismo sitio!<\/p>\n\n\n\n<h3 class=\"wp-block-heading\">S\u00c1BADO<\/h3>\n\n\n<div class=\"wp-block-image\">\n<figure class=\"alignleft size-full\"><a href=\"https:\/\/www.livetrack24.com\/tasks\/4974\" target=\"_blank\" rel=\" noreferrer noopener\"><img loading=\"lazy\" decoding=\"async\" width=\"391\" height=\"207\" src=\"https:\/\/alasdeleyre.com\/wp-content\/uploads\/2025\/07\/image.png\" alt=\"\" class=\"wp-image-5677\" srcset=\"https:\/\/alasdeleyre.com\/wp-content\/uploads\/2025\/07\/image.png 391w, https:\/\/alasdeleyre.com\/wp-content\/uploads\/2025\/07\/image-300x159.png 300w\" sizes=\"auto, (max-width: 391px) 100vw, 391px\" \/><\/a><\/figure>\n<\/div>\n\n\n<p>Y empezamos con un buen d\u00eda, de techos altos, sin nubes, y viento flojo variable.<\/p>\n\n\n\n<p>Aunque apetec\u00eda meterse al norte, visitar el Midi, o la Canal Roya, la previsi\u00f3n de entrada de viento norte, bajada de condiciones, y que, adem\u00e1s, el domingo pintaba mejor a\u00fan, hizo que se decidiera por una manga en la que hac\u00edamos tramos por el Pirineo, y nos sal\u00edamos al sur este, a la zona de Yebra de Basa, para volver al Pirineo y terminar en Sabi\u00f1\u00e1nigo.<br>Y es que, daban condiciones at\u00f3micas tambi\u00e9n en la parte llana (relativamente llana) del final.<\/p>\n\n\n\n<p>La manga se pens\u00f3 con radios muy grandes, para dar opci\u00f3n a varias l\u00edneas de ataque. De hecho, as\u00ed fue, ve\u00edamos gente por todas partes.<\/p>\n\n\n<div class=\"wp-block-image\">\n<figure class=\"alignright size-large is-resized\"><a href=\"https:\/\/www.livetrack24.com\/tasks\/4974\/tp\" target=\"_blank\" rel=\" noreferrer noopener\"><img loading=\"lazy\" decoding=\"async\" width=\"1024\" height=\"620\" src=\"https:\/\/alasdeleyre.com\/wp-content\/uploads\/2025\/07\/image-2-1024x620.png\" alt=\"\" class=\"wp-image-5680\" style=\"width:455px;height:auto\" srcset=\"https:\/\/alasdeleyre.com\/wp-content\/uploads\/2025\/07\/image-2-1024x620.png 1024w, https:\/\/alasdeleyre.com\/wp-content\/uploads\/2025\/07\/image-2-300x182.png 300w, https:\/\/alasdeleyre.com\/wp-content\/uploads\/2025\/07\/image-2-768x465.png 768w, https:\/\/alasdeleyre.com\/wp-content\/uploads\/2025\/07\/image-2.png 1484w\" sizes=\"auto, (max-width: 1024px) 100vw, 1024px\" \/><\/a><\/figure>\n<\/div>\n\n\n<p>El start a las 14:30, que no ten\u00edamos prisa, y son 92 km de manga. No pasa nada por esperar a que las condiciones est\u00e9n bien montadas.<\/p>\n\n\n\n<p>\u00a1Y menos mal!, porque hab\u00eda un pedazo de inversi\u00f3n que, viendo a los primeros en despegar, dej\u00f3 patente que la cosa no estaba gratis en el despegue. Costaba remontar m\u00e1s de lo esperado.<\/p>\n\n\n\n<p>Pero, bueno, con paciencia, la cosa fue mejorando bastante. Y a la hora del Start Point, ya se ve\u00eda a la gente a m\u00e1s de 3000.<\/p>\n\n\n\n<p>Salida con varias l\u00edneas, en direcci\u00f3n a Bisaur\u00edn, a 9 km.<\/p>\n\n\n\n<p>La cabeza no se para mucho a subir, y hacen la baliza bajos. Pero conf\u00edan ci\u00e9gamente en la ladera y lo que rinde, y en las buenas t\u00e9rmicas que hab\u00eda en estas impresionantes paredes.<\/p>\n\n\n\n<p>Tras esta baliza, un tramo largo de 45 km, para que cada uno escoja su propia l\u00ednea. El punto \u00f3ptimo ca\u00eda cerca de Yebra de Basa, al sur de Santa Orosia. Es decir, fuera del Pirineo, y en pre-Pirineo.<\/p>\n\n\n<div class=\"wp-block-image\">\n<figure class=\"alignleft size-large is-resized\"><a href=\"https:\/\/alasdeleyre.com\/wp-content\/uploads\/2025\/07\/image-4.png\"><img loading=\"lazy\" decoding=\"async\" width=\"1024\" height=\"776\" src=\"https:\/\/alasdeleyre.com\/wp-content\/uploads\/2025\/07\/image-4-1024x776.png\" alt=\"\" class=\"wp-image-5683\" style=\"width:520px;height:auto\" srcset=\"https:\/\/alasdeleyre.com\/wp-content\/uploads\/2025\/07\/image-4-1024x776.png 1024w, https:\/\/alasdeleyre.com\/wp-content\/uploads\/2025\/07\/image-4-300x227.png 300w, https:\/\/alasdeleyre.com\/wp-content\/uploads\/2025\/07\/image-4-768x582.png 768w, https:\/\/alasdeleyre.com\/wp-content\/uploads\/2025\/07\/image-4.png 1232w\" sizes=\"auto, (max-width: 1024px) 100vw, 1024px\" \/><\/a><figcaption class=\"wp-element-caption\"><em>Diferentes l\u00edneas<\/em><\/figcaption><\/figure>\n<\/div>\n\n\n<p>Esta ruta daba muchas opciones de recorridos. Pod\u00edas ir por el norte, asegurando m\u00e1s por las monta\u00f1as altas, coger la l\u00ednea media m\u00e1s al sur, o, quiz\u00e1s la l\u00ednea optimizada, m\u00e1s arriesgada, pero, claro, m\u00e1s corta.<\/p>\n\n\n\n<p>Yeray pronto hace su elecci\u00f3n, y se destaca junto con \u00c1lvaro y Takolo, por la l\u00ednea optimizada.<br>Este \u00faltimo ser\u00eda el que m\u00e1s se anima a seguir la l\u00ednea, entrando a la Canal de Berd\u00fan mucho m\u00e1s al oeste que nadie de los de cabeza. Aunque otros, por detr\u00e1s, le seguir\u00edan.<\/p>\n\n\n\n<p>M\u00e1s al norte ir\u00edan Xabi, \u00d3scar, Antonio y Jose F\u00e9lix. Y a\u00fan hab\u00eda gente que iba m\u00e1s al norte todav\u00eda.<\/p>\n\n\n\n<p><\/p>\n\n\n\n<p>Cuando la cabeza lleg\u00f3 a la zona de Oturia\/Santa Orosia, vio que eso de \u00abcondiciones at\u00f3micas en la zona\u00bb deb\u00eda ser para otro d\u00eda.<br>Hab\u00eda una buena inversi\u00f3n, y encima, bastante viento de oeste (el habitual en la zona), que hizo de frenazo para todo el mundo.<\/p>\n\n\n\n<p>Los que ven\u00edan m\u00e1s atr\u00e1s sufr\u00edan menos, al ser m\u00e1s segurolas y llegar all\u00ed con m\u00e1s altura.<\/p>\n\n\n\n<p>Muy recomendable ver la <a href=\"https:\/\/www.livetrack24.com\/tasks\/4974\" target=\"_blank\" rel=\"noreferrer noopener\">repetici\u00f3n<\/a>, y echar un vistazo al mont\u00f3n de rutas diferentes que se plantearon.<\/p>\n\n\n\n<p>As\u00ed que, al final, hubo alg\u00fan pinchazo sonado. Tambi\u00e9n varios pilotos se quedaron muy cerca del gol sin conseguir cerrarlo, al no coger la altura suficiente en la \u00faltima baliza, que era al norte, en la Sierra previa a Tende\u00f1era. Si no la hac\u00edas bien, no te daba para llegar directo al fin del tiempo (al sur del gol), y luego volver a cerrarlo viento en cola.<\/p>\n\n\n\n<p>Alguno nos consta que entr\u00f3 levantando los pies para llegar.<\/p>\n\n\n\n<p>Y con todos ustedes!, Yeray, el ganador de la manga:<\/p>\n\n\n\n<figure class=\"wp-block-embed is-type-video is-provider-youtube wp-block-embed-youtube wp-embed-aspect-16-9 wp-has-aspect-ratio\"><div class=\"wp-block-embed__wrapper\">\n<iframe loading=\"lazy\" title=\"Liga Norte 2025 - Entrevista Yeray - Manga 2025\/06\/28\" width=\"500\" height=\"281\" src=\"https:\/\/www.youtube.com\/embed\/VyOti1HX2x4?feature=oembed\" frameborder=\"0\" allow=\"accelerometer; autoplay; clipboard-write; encrypted-media; gyroscope; picture-in-picture; web-share\" referrerpolicy=\"strict-origin-when-cross-origin\" allowfullscreen><\/iframe>\n<\/div><\/figure>\n\n\n\n<p>Yeray se llevar\u00eda la manga, en 3:11:41, a una media de 27,8 km\/h para cerrar esos 91,5 km. Sacando poco m\u00e1s de un minuto a \u00c1lvaro, y tan solo 10 segundos a Antonio (que ten\u00eda menos leading points que \u00c1lvaro).<br>9 pilotos en gol, con una diferencia del primero al \u00faltimo de 41 minutos.<br>Y muchos pilotos, hasta 10, que se quedaron a menos de 5 km del ansiado gol.<\/p>\n\n\n\n<p>Esta fue la <a href=\"https:\/\/www.alasdeleyre.com\/viejo\/Clasificaciones\/Nacionales\/Liga_norte\/2025\/LIGA_NORTE_2025-M06-Blancas.pdf\" target=\"_blank\" rel=\"noreferrer noopener\">clasificaci\u00f3n<\/a> del d\u00eda.<\/p>\n\n\n\n<h3 class=\"wp-block-heading\">DOMINGO<\/h3>\n\n\n\n<p>Pues s\u00ed, por primera vez este a\u00f1o, repetimos manga en el mismo sitio que el s\u00e1bado.<\/p>\n\n\n\n<p>La participaci\u00f3n, incluso menor que el d\u00eda anterior, 27 tracks. Pero, bueno, estos 27 pudimos disfrutar de un d\u00eda espectacular de nuevo.<\/p>\n\n\n<div class=\"wp-block-image\">\n<figure class=\"alignleft size-full\"><a href=\"https:\/\/www.livetrack24.com\/tasks\/4975\" target=\"_blank\" rel=\" noreferrer noopener\"><img loading=\"lazy\" decoding=\"async\" width=\"389\" height=\"216\" src=\"https:\/\/alasdeleyre.com\/wp-content\/uploads\/2025\/07\/image-1.png\" alt=\"\" class=\"wp-image-5678\" srcset=\"https:\/\/alasdeleyre.com\/wp-content\/uploads\/2025\/07\/image-1.png 389w, https:\/\/alasdeleyre.com\/wp-content\/uploads\/2025\/07\/image-1-300x167.png 300w\" sizes=\"auto, (max-width: 389px) 100vw, 389px\" \/><\/a><\/figure>\n<\/div>\n\n\n<p>Aunque el comit\u00e9 que decide la manga baraj\u00f3 unas cuantas opciones muy chulas: m\u00e1s al oeste, entrando al norte, saliendo de nuevo, etc&#8230; Al final, entre el \u00abfiasco\u00bb del d\u00eda anterior, que era domingo, la m\u00e9teo que flojeaba a la tarde al norte, se decidi\u00f3 una manga \u00absegurolas\u00bb de 96 km.<\/p>\n\n\n\n<p>\u00a1Hay que ver c\u00f3mo est\u00e1 el patio!, que ponemos una manga de casi 100 km por el Pirineo, y nos parece sosilla!<\/p>\n\n\n\n<p>La manga era un recorrido de nuevo de ida y vuelta, con radios bien grandes otra vez, para permitir diferentes rutas. S\u00ed que cambiaba el Start Point, para dar la opci\u00f3n de hacerlo m\u00e1s al norte, m\u00e1s metidos en las monta\u00f1as, en el Aspe.<\/p>\n\n\n<div class=\"wp-block-image\">\n<figure class=\"alignright size-large is-resized\"><a href=\"https:\/\/www.livetrack24.com\/tasks\/4975\/tp\" target=\"_blank\" rel=\" noreferrer noopener\"><img loading=\"lazy\" decoding=\"async\" width=\"1024\" height=\"667\" src=\"https:\/\/alasdeleyre.com\/wp-content\/uploads\/2025\/07\/image-5-1024x667.png\" alt=\"\" class=\"wp-image-5688\" style=\"width:383px;height:auto\" srcset=\"https:\/\/alasdeleyre.com\/wp-content\/uploads\/2025\/07\/image-5-1024x667.png 1024w, https:\/\/alasdeleyre.com\/wp-content\/uploads\/2025\/07\/image-5-300x195.png 300w, https:\/\/alasdeleyre.com\/wp-content\/uploads\/2025\/07\/image-5-768x500.png 768w, https:\/\/alasdeleyre.com\/wp-content\/uploads\/2025\/07\/image-5.png 1227w\" sizes=\"auto, (max-width: 1024px) 100vw, 1024px\" \/><\/a><\/figure>\n<\/div>\n\n\n<p>Una manga r\u00e1pida, con muy buenas condiciones. Que, a diferencia del d\u00eda anterior, ya se vieron nada m\u00e1s despegar. Era salir, y ponerte a 3500 en nada.<\/p>\n\n\n\n<p>As\u00ed que tuvimos una espera de SP bastante fresca.<\/p>\n\n\n\n<p><\/p>\n\n\n\n<p>Vamos a ver qu\u00e9 se cuenta Xabi, el ganador de la manga.<\/p>\n\n\n\n<figure class=\"wp-block-embed is-type-video is-provider-youtube wp-block-embed-youtube wp-embed-aspect-16-9 wp-has-aspect-ratio\"><div class=\"wp-block-embed__wrapper\">\n<iframe loading=\"lazy\" title=\"Liga Norte 2025 -29 junio - Xabier Gonz\u00e1lez\" width=\"500\" height=\"281\" src=\"https:\/\/www.youtube.com\/embed\/9UMUnsEe7xI?feature=oembed\" frameborder=\"0\" allow=\"accelerometer; autoplay; clipboard-write; encrypted-media; gyroscope; picture-in-picture; web-share\" referrerpolicy=\"strict-origin-when-cross-origin\" allowfullscreen><\/iframe>\n<\/div><\/figure>\n\n\n\n<p>Puedes consultar las clasificaciones: <a href=\"https:\/\/www.alasdeleyre.com\/viejo\/Clasificaciones\/Nacionales\/Liga_norte\/2025\/LIGA_NORTE_2025-M06-Blancas.pdf\" target=\"_blank\" rel=\"noreferrer noopener\">28<\/a>, <a href=\"https:\/\/www.alasdeleyre.com\/viejo\/Clasificaciones\/Nacionales\/Liga_norte\/2025\/LIGA_NORTE_2025-M07-Blancas.pdf\" target=\"_blank\" rel=\"noreferrer noopener\">29<\/a>, <a href=\"https:\/\/www.alasdeleyre.com\/viejo\/Clasificaciones\/Nacionales\/Liga_norte\/2025\/LIGA_NORTE_2025-GENERAL_(M07).pdf\" target=\"_blank\" rel=\"noreferrer noopener\">General<\/a> tras esa manga.<br>Y tenemos a \u00c1lvaro como l\u00edder, una vez m\u00e1s.<\/p>\n\n\n\n<p>Y, como siempre, un poco de multimedia sobre estas mangas<\/p>\n\n\n\n<h3 class=\"wp-block-heading\">\u00cd\u00f1igo<\/h3>\n\n\n\n<figure class=\"wp-block-embed is-type-video is-provider-youtube wp-block-embed-youtube wp-embed-aspect-16-9 wp-has-aspect-ratio\"><div class=\"wp-block-embed__wrapper\">\n<iframe loading=\"lazy\" title=\"Liga Norte 2025  Blancas 28-29 Junio\" width=\"500\" height=\"281\" src=\"https:\/\/www.youtube.com\/embed\/9f6UZGfMRTU?feature=oembed\" frameborder=\"0\" allow=\"accelerometer; autoplay; clipboard-write; encrypted-media; gyroscope; picture-in-picture; web-share\" referrerpolicy=\"strict-origin-when-cross-origin\" allowfullscreen><\/iframe>\n<\/div><\/figure>\n\n\n\n<p><\/p>\n\n\n\n<h2 class=\"wp-block-heading\">Rakel<\/h2>\n\n\n\n<figure class=\"wp-block-image size-full is-resized\"><a href=\"https:\/\/www.facebook.com\/groups\/LigaNorteParapente\/posts\/24704434979225639\/?__cft__[0]=AZVOoml5NFTleap8xwCdOJJE3F8hD6e9cUFYycs5ex8YT05kSY-JBEhg_uiYWEBecbJCEKTOkzB9WocMOlOWXpnKyw5QGWSVgIASLTbealomhqcgPm7mJun2eKvcsu4LTuXYAeyOTwqPL1-aRWvZcQtzd9Zvk5k-yjNnJ92jVIMx02ACjwlD1fLTT0gCatEU4GJTzRx_u16mhl3hEsW-gjKn&amp;__tn__=%2CO%2CP-R\" target=\"_blank\" rel=\" noreferrer noopener\"><img loading=\"lazy\" decoding=\"async\" width=\"685\" height=\"912\" src=\"https:\/\/alasdeleyre.com\/wp-content\/uploads\/2025\/07\/image-7.png\" alt=\"\" class=\"wp-image-5719\" style=\"width:840px;height:auto\" srcset=\"https:\/\/alasdeleyre.com\/wp-content\/uploads\/2025\/07\/image-7.png 685w, https:\/\/alasdeleyre.com\/wp-content\/uploads\/2025\/07\/image-7-225x300.png 225w\" sizes=\"auto, (max-width: 685px) 100vw, 685px\" \/><\/a><\/figure>\n\n\n\n<h2 class=\"wp-block-heading\">Javi<\/h2>\n\n\n\n<figure class=\"wp-block-image size-full\"><a href=\"https:\/\/www.facebook.com\/groups\/LigaNorteParapente\/posts\/24723482720654198\/?__cft__[0]=AZUsa3LX-tykYL1MUerixgbVvQ2-Qmz1PhEqBo4WR_k5fXspIkochHkiwX73P_6VGW3jAVc1WheYiAGdQDMYBQFV684tgcVJPL07_REsU0vZg8MMAJvIsxSAMfipW_dy2eZbOP86pybl_bEyhgdUBLzAD9y1r_Gtzw6BdqN9bWn0psf3nQcP4Q5ECk61_47x65l6myXd1x1s16hG-mRAknNh&amp;__tn__=%2CO%2CP-R\" target=\"_blank\" rel=\" noreferrer noopener\"><img loading=\"lazy\" decoding=\"async\" width=\"677\" height=\"803\" src=\"https:\/\/alasdeleyre.com\/wp-content\/uploads\/2025\/07\/image-6.png\" alt=\"\" class=\"wp-image-5717\" srcset=\"https:\/\/alasdeleyre.com\/wp-content\/uploads\/2025\/07\/image-6.png 677w, https:\/\/alasdeleyre.com\/wp-content\/uploads\/2025\/07\/image-6-253x300.png 253w\" sizes=\"auto, (max-width: 677px) 100vw, 677px\" \/><\/a><\/figure>\n","protected":false},"excerpt":{"rendered":"<p>Otro finde completo de Liga Norte!!!Aunque hemos de decir que nos ha sorprendido la escasa participaci\u00f3n (32 el s\u00e1bado, 27 el domingo). Suponemos que el verano hace mella&#8230; Pues s\u00ed, a pesar de un finde at\u00f3mico, con condiciones estupendas de vuelo: buenos techos, poco viento, sin problemas de nubarracos, etc&#8230;, curiosamente la participaci\u00f3n fue escasilla.Y [&hellip;]<\/p>\n","protected":false},"author":1,"featured_media":0,"comment_status":"open","ping_status":"","sticky":false,"template":"","format":"standard","meta":{"ngg_post_thumbnail":0,"jetpack_post_was_ever_published":false,"_jetpack_newsletter_access":"","_jetpack_dont_email_post_to_subs":false,"_jetpack_newsletter_tier_id":0,"_jetpack_memberships_contains_paywalled_content":false,"_jetpack_memberships_contains_paid_content":false,"footnotes":""},"categories":[19,3,13],"tags":[],"class_list":["post-5671","post","type-post","status-publish","format-standard","hentry","category-cronicas","category-liga-norte","category-parapente"],"jetpack_featured_media_url":"","jetpack_sharing_enabled":true,"_links":{"self":[{"href":"https:\/\/alasdeleyre.com\/index.php?rest_route=\/wp\/v2\/posts\/5671","targetHints":{"allow":["GET"]}}],"collection":[{"href":"https:\/\/alasdeleyre.com\/index.php?rest_route=\/wp\/v2\/posts"}],"about":[{"href":"https:\/\/alasdeleyre.com\/index.php?rest_route=\/wp\/v2\/types\/post"}],"author":[{"embeddable":true,"href":"https:\/\/alasdeleyre.com\/index.php?rest_route=\/wp\/v2\/users\/1"}],"replies":[{"embeddable":true,"href":"https:\/\/alasdeleyre.com\/index.php?rest_route=%2Fwp%2Fv2%2Fcomments&post=5671"}],"version-history":[{"count":18,"href":"https:\/\/alasdeleyre.com\/index.php?rest_route=\/wp\/v2\/posts\/5671\/revisions"}],"predecessor-version":[{"id":5726,"href":"https:\/\/alasdeleyre.com\/index.php?rest_route=\/wp\/v2\/posts\/5671\/revisions\/5726"}],"wp:attachment":[{"href":"https:\/\/alasdeleyre.com\/index.php?rest_route=%2Fwp%2Fv2%2Fmedia&parent=5671"}],"wp:term":[{"taxonomy":"category","embeddable":true,"href":"https:\/\/alasdeleyre.com\/index.php?rest_route=%2Fwp%2Fv2%2Fcategories&post=5671"},{"taxonomy":"post_tag","embeddable":true,"href":"https:\/\/alasdeleyre.com\/index.php?rest_route=%2Fwp%2Fv2%2Ftags&post=5671"}],"curies":[{"name":"wp","href":"https:\/\/api.w.org\/{rel}","templated":true}]}}