{"id":5816,"date":"2026-01-29T23:40:44","date_gmt":"2026-01-29T22:40:44","guid":{"rendered":"https:\/\/alasdeleyre.com\/?p=5816"},"modified":"2026-01-29T23:46:32","modified_gmt":"2026-01-29T22:46:32","slug":"liga-norte-2026","status":"publish","type":"post","link":"https:\/\/alasdeleyre.com\/?p=5816","title":{"rendered":"LIGA NORTE 2026"},"content":{"rendered":"<div class=\"wp-block-image\">\n<figure class=\"aligncenter size-large\"><a href=\"https:\/\/alasdeleyre.com\/wp-content\/uploads\/2026\/01\/Gemini_Generated_Image_y6u5m9y6u5m9y6u5.png\"><img loading=\"lazy\" decoding=\"async\" width=\"1024\" height=\"796\" src=\"https:\/\/alasdeleyre.com\/wp-content\/uploads\/2026\/01\/Gemini_Generated_Image_y6u5m9y6u5m9y6u5-1024x796.png\" alt=\"\" class=\"wp-image-5819\" srcset=\"https:\/\/alasdeleyre.com\/wp-content\/uploads\/2026\/01\/Gemini_Generated_Image_y6u5m9y6u5m9y6u5-1024x796.png 1024w, https:\/\/alasdeleyre.com\/wp-content\/uploads\/2026\/01\/Gemini_Generated_Image_y6u5m9y6u5m9y6u5-300x233.png 300w, https:\/\/alasdeleyre.com\/wp-content\/uploads\/2026\/01\/Gemini_Generated_Image_y6u5m9y6u5m9y6u5-768x597.png 768w, https:\/\/alasdeleyre.com\/wp-content\/uploads\/2026\/01\/Gemini_Generated_Image_y6u5m9y6u5m9y6u5.png 1152w\" sizes=\"auto, (max-width: 1024px) 100vw, 1024px\" \/><\/a><\/figure>\n<\/div>\n\n<p>&nbsp;<\/p>\n<p>Venga!, ooootro a\u00f1o m\u00e1s. Y ya vaaannn, ufff, haz las cuentas, desde 1999.<\/p>\n<p>Ya est\u00e1 publicado el <a href=\"https:\/\/alasdeleyre.com\/?page_id=4\" target=\"_blank\" rel=\"noopener\">calendario<\/a>.<br>Que, adem\u00e1s, pod\u00e9is incluir en vuestros m\u00f3viles, si quer\u00e9is, siguiendo estos enlaces:<br><a href=\"https:\/\/calendar.google.com\/calendar\/embed?src=9p119q0svb3ebs5tkeudorjp50%40group.calendar.google.com&amp;ctz=Europe\/Madrid\" target=\"_blank\" rel=\"noopener\">Solo Liga Norte<\/a><br><a href=\"https:\/\/calendar.google.com\/calendar\/embed?src=2q7ti117j7opnfgo1t2gpnlnv0%40group.calendar.google.com&amp;ctz=Europe\/Madrid\" target=\"_blank\" rel=\"noopener\">Calendario general Parapente<\/a><\/p>\n<p>El <a href=\"https:\/\/alasdeleyre.com\/?page_id=4\">calendario<\/a> que tenemos (siempre sujeto a cambios por situaciones ajenas a la organizaci\u00f3n de la Liga Norte) es:<\/p>\n<figure class=\"wp-block-table\">\n<table class=\"has-fixed-layout\">\n<thead>\n<tr>\n<td class=\"has-text-align-center\" data-align=\"center\"><strong>FECHA<\/strong><\/td>\n<td class=\"has-text-align-center\" data-align=\"center\"><strong>CONDICI\u00d3N<\/strong><\/td>\n<\/tr>\n<\/thead>\n<tbody>\n<tr>\n<td class=\"has-text-align-left\" data-align=\"left\"><strong>21-22 MARZO<\/strong><\/td>\n<td class=\"has-text-align-center\" data-align=\"center\">&nbsp;<\/td>\n<\/tr>\n<tr>\n<td class=\"has-text-align-left\" data-align=\"left\"><strong>28-29 MARZO<\/strong><\/td>\n<td class=\"has-text-align-center\" data-align=\"center\">&lt; 1 manga<\/td>\n<\/tr>\n<tr>\n<td class=\"has-text-align-left\" data-align=\"left\"><strong>18-19 ABRIL<\/strong><\/td>\n<td class=\"has-text-align-center\" data-align=\"center\">&nbsp;<\/td>\n<\/tr>\n<tr>\n<td class=\"has-text-align-left\" data-align=\"left\"><strong>25-26 ABRIL<\/strong><\/td>\n<td class=\"has-text-align-center\" data-align=\"center\">&lt;3 mangas<\/td>\n<\/tr>\n<tr>\n<td class=\"has-text-align-left\" data-align=\"left\"><strong>1-3 MAYO<\/strong><\/td>\n<td class=\"has-text-align-center\" data-align=\"center\">&nbsp;<\/td>\n<\/tr>\n<tr>\n<td class=\"has-text-align-left\" data-align=\"left\"><strong>16-17 MAYO<\/strong><\/td>\n<td class=\"has-text-align-center\" data-align=\"center\">&lt;4 mangas<\/td>\n<\/tr>\n<tr>\n<td class=\"has-text-align-left\" data-align=\"left\"><strong>23-24 MAYO<\/strong><\/td>\n<td class=\"has-text-align-center\" data-align=\"center\">&lt;4 mangas<\/td>\n<\/tr>\n<tr>\n<td class=\"has-text-align-left\" data-align=\"left\"><strong>13-14 JUNIO<\/strong><\/td>\n<td class=\"has-text-align-center\" data-align=\"center\">&nbsp;<\/td>\n<\/tr>\n<tr>\n<td class=\"has-text-align-left\" data-align=\"left\"><strong>4-5 JULIO<\/strong><\/td>\n<td class=\"has-text-align-center\" data-align=\"center\">&lt;5 mangas<\/td>\n<\/tr>\n<tr>\n<td class=\"has-text-align-left\" data-align=\"left\"><strong>15-16 AGOSTO<\/strong><\/td>\n<td class=\"has-text-align-center\" data-align=\"center\">&lt;5 mangas<\/td>\n<\/tr>\n<tr>\n<td class=\"has-text-align-left\" data-align=\"left\"><strong>5-6 SEPTIEMBRE<\/strong><\/td>\n<td class=\"has-text-align-center\" data-align=\"center\">&nbsp;<\/td>\n<\/tr>\n<tr>\n<td class=\"has-text-align-left\" data-align=\"left\"><strong>26-27 SEPTIEMBRE<\/strong><\/td>\n<td class=\"has-text-align-center\" data-align=\"center\">&lt;8 mangas<\/td>\n<\/tr>\n<tr>\n<td class=\"has-text-align-left\" data-align=\"left\">&nbsp;<\/td>\n<td class=\"has-text-align-center\" data-align=\"center\">&nbsp;<\/td>\n<\/tr>\n<tr>\n<td class=\"has-text-align-left\" data-align=\"left\"><strong>3-4 OCTUBRE<\/strong><\/td>\n<td class=\"has-text-align-center\" data-align=\"center\"><strong>36\u00aa CONCENTRACI\u00d3N<br>BELAGUA<\/strong><\/td>\n<\/tr>\n<\/tbody>\n<\/table>\n<\/figure>\n\n\n<p>Lo del descarte ya sabes c\u00f3mo va: Si al llegar a esa manga de reserva, se cumple esa condici\u00f3n, entonces se hace las mangas.<\/p>\n\n\n\n<p>Es un calendario muy, pero que muy complicado, debido a las pruebas de Liga Nacional, especialmente.<br>Pero, bueno, seguiremos con nuestro intento de sacar el mayor n\u00famero posible de mangas.<\/p>\n\n\n\n<p>Fijaos que, como novedad, en mayo hay una prueba de 3 d\u00edas: 1, 2 y 3.<\/p>\n\n\n\n<p>Y qu\u00e9 toca <strong>AHORA<\/strong>? Hay que <a href=\"https:\/\/bit.ly\/ln26insc\" target=\"_blank\" rel=\"noreferrer noopener\">INSCRIBIRSE<\/a>, sin esperar al \u00faltimo minuto.<\/p>\n\n\n\n<p>Iremos ampliando informaci\u00f3n, sobre alg\u00fan peque\u00f1o cambio en los reglamentos (hora de despedirse del panel de tareas!).<\/p>\n","protected":false},"excerpt":{"rendered":"<p>&nbsp; Venga!, ooootro a\u00f1o m\u00e1s. Y ya vaaannn, ufff, haz las cuentas, desde 1999. Ya est\u00e1 publicado el calendario.Que, adem\u00e1s, pod\u00e9is incluir en vuestros m\u00f3viles, si quer\u00e9is, siguiendo estos enlaces:Solo Liga NorteCalendario general Parapente El calendario que tenemos (siempre sujeto a cambios por situaciones ajenas a la organizaci\u00f3n de la Liga Norte) es: FECHA CONDICI\u00d3N [&hellip;]<\/p>\n","protected":false},"author":1,"featured_media":0,"comment_status":"open","ping_status":"","sticky":false,"template":"","format":"standard","meta":{"ngg_post_thumbnail":0,"jetpack_post_was_ever_published":false,"_jetpack_newsletter_access":"","_jetpack_dont_email_post_to_subs":false,"_jetpack_newsletter_tier_id":0,"_jetpack_memberships_contains_paywalled_content":false,"_jetpack_memberships_contains_paid_content":false,"footnotes":""},"categories":[13],"tags":[],"class_list":["post-5816","post","type-post","status-publish","format-standard","hentry","category-parapente"],"jetpack_featured_media_url":"","jetpack_sharing_enabled":true,"_links":{"self":[{"href":"https:\/\/alasdeleyre.com\/index.php?rest_route=\/wp\/v2\/posts\/5816","targetHints":{"allow":["GET"]}}],"collection":[{"href":"https:\/\/alasdeleyre.com\/index.php?rest_route=\/wp\/v2\/posts"}],"about":[{"href":"https:\/\/alasdeleyre.com\/index.php?rest_route=\/wp\/v2\/types\/post"}],"author":[{"embeddable":true,"href":"https:\/\/alasdeleyre.com\/index.php?rest_route=\/wp\/v2\/users\/1"}],"replies":[{"embeddable":true,"href":"https:\/\/alasdeleyre.com\/index.php?rest_route=%2Fwp%2Fv2%2Fcomments&post=5816"}],"version-history":[{"count":3,"href":"https:\/\/alasdeleyre.com\/index.php?rest_route=\/wp\/v2\/posts\/5816\/revisions"}],"predecessor-version":[{"id":5820,"href":"https:\/\/alasdeleyre.com\/index.php?rest_route=\/wp\/v2\/posts\/5816\/revisions\/5820"}],"wp:attachment":[{"href":"https:\/\/alasdeleyre.com\/index.php?rest_route=%2Fwp%2Fv2%2Fmedia&parent=5816"}],"wp:term":[{"taxonomy":"category","embeddable":true,"href":"https:\/\/alasdeleyre.com\/index.php?rest_route=%2Fwp%2Fv2%2Fcategories&post=5816"},{"taxonomy":"post_tag","embeddable":true,"href":"https:\/\/alasdeleyre.com\/index.php?rest_route=%2Fwp%2Fv2%2Ftags&post=5816"}],"curies":[{"name":"wp","href":"https:\/\/api.w.org\/{rel}","templated":true}]}}