{"id":5908,"date":"2026-05-01T13:56:06","date_gmt":"2026-05-01T11:56:06","guid":{"rendered":"https:\/\/alasdeleyre.com\/?p=5908"},"modified":"2026-05-01T15:22:17","modified_gmt":"2026-05-01T13:22:17","slug":"liga-norte-2026-18-19-abril-loarre-la-cronica","status":"publish","type":"post","link":"https:\/\/alasdeleyre.com\/?p=5908","title":{"rendered":"LIGA NORTE 2026 &#8211; 18-19 abril &#8211; LOARRE &#8211; LA CR\u00d3NICA"},"content":{"rendered":"\n<p><br>Qu\u00e9 gran acierto ir a Loarre!, como dec\u00eda Yeray, el \u00fanico hueco sin tormentas en \u00abnosecuantos\u00bb km!<\/p>\n\n\n\n<figure class=\"wp-block-image size-large\"><a href=\"https:\/\/alasdeleyre.com\/wp-content\/uploads\/2026\/05\/WhatsApp-Image-2026-04-21-at-11.37.12.jpeg\"><img loading=\"lazy\" decoding=\"async\" width=\"1024\" height=\"683\" src=\"https:\/\/alasdeleyre.com\/wp-content\/uploads\/2026\/05\/WhatsApp-Image-2026-04-21-at-11.37.12-1024x683.jpeg\" alt=\"\" class=\"wp-image-5909\" srcset=\"https:\/\/alasdeleyre.com\/wp-content\/uploads\/2026\/05\/WhatsApp-Image-2026-04-21-at-11.37.12-1024x683.jpeg 1024w, https:\/\/alasdeleyre.com\/wp-content\/uploads\/2026\/05\/WhatsApp-Image-2026-04-21-at-11.37.12-300x200.jpeg 300w, https:\/\/alasdeleyre.com\/wp-content\/uploads\/2026\/05\/WhatsApp-Image-2026-04-21-at-11.37.12-768x512.jpeg 768w, https:\/\/alasdeleyre.com\/wp-content\/uploads\/2026\/05\/WhatsApp-Image-2026-04-21-at-11.37.12-1536x1024.jpeg 1536w, https:\/\/alasdeleyre.com\/wp-content\/uploads\/2026\/05\/WhatsApp-Image-2026-04-21-at-11.37.12-2048x1366.jpeg 2048w\" sizes=\"auto, (max-width: 1024px) 100vw, 1024px\" \/><\/a><figcaption class=\"wp-element-caption\">Takolo (foto I\u00f1igo Gabiria)<\/figcaption><\/figure>\n\n\n\n<p>Este finde s\u00ed, promete. Parece que podremos hacer las 2 mangas. Y, adem\u00e1s, c on condiciones bastante diferentes.<\/p>\n\n\n\n<h3 class=\"wp-block-heading\">S\u00c1BADO<\/h3>\n\n\n<div class=\"wp-block-image\">\n<figure class=\"alignleft size-full\"><a href=\"https:\/\/www.livetrack24.com\/tasks\/4986\" target=\"_blank\" rel=\" noreferrer noopener\"><img loading=\"lazy\" decoding=\"async\" width=\"397\" height=\"221\" src=\"https:\/\/alasdeleyre.com\/wp-content\/uploads\/2026\/05\/image.png\" alt=\"\" class=\"wp-image-5910\" srcset=\"https:\/\/alasdeleyre.com\/wp-content\/uploads\/2026\/05\/image.png 397w, https:\/\/alasdeleyre.com\/wp-content\/uploads\/2026\/05\/image-300x167.png 300w\" sizes=\"auto, (max-width: 397px) 100vw, 397px\" \/><\/a><\/figure>\n<\/div>\n\n\n<p>Tras una serie de dudas sobre el lugar en donde hacer la prueba, al final, fuimos a lo seguro, Loarre. Que aunque est\u00e9 en el Quinto Pino, ten\u00edamos m\u00e1s probabilidades de no liarla con la m\u00e9teo (mucho nubarraco m\u00e1s al norte).<\/p>\n\n\n\n<p><\/p>\n\n\n\n<p><\/p>\n\n\n\n<p>El s\u00e1bado, con las previsiones que ten\u00edamos, pusimos una manga sin l\u00edos. Bueno, sin l\u00edos en cuanto a qu\u00e9 balizas poner.<br>Ten\u00edamos claro que no pod\u00edamos ir al norte, a la Canal de Berd\u00fan. Que daban previsi\u00f3n de nubes bien gordas.<br>Tampoco pod\u00edamos terminar en A\u00ednsa (algo que nos apetec\u00eda mucho), por lo mismo.<br>As\u00ed que, se puso un gol en El Grado (tomamos nota de que ese gol no es bueno), para ver cu\u00e1ntos pilotos, de los 49 presentes, eran capaces de alcanzarlo.<\/p>\n\n\n\n<p>Sin balizas en medio, as\u00ed no condicion\u00e1bamos en nada la ruta que cada piloto quisiera escoger.<\/p>\n\n\n\n<p>La espera del Start Point estuvo bien, muy variable. A veces sub\u00edas bien, otras no tanto, un poco de meneo&#8230; Especialmente en el techo, que eran unos 1700, 1800.<\/p>\n\n\n\n<p>A las 14:30 dimos la salida.<\/p>\n\n\n\n<p>Los misiles salieron como tales, a todo lo que les daba la vela, por la ladera, sin pararse en nada.<br>Y enseguida abrieron ventaja sobre el resto. <em>(nota del editor: esto est\u00e1 copiado del anterior post, porque la historia se ha repetido al 100%)<\/em><\/p>\n\n\n\n<figure class=\"wp-block-image size-large\"><a href=\"https:\/\/alasdeleyre.com\/wp-content\/uploads\/2026\/05\/image-1.png\"><img loading=\"lazy\" decoding=\"async\" width=\"1024\" height=\"576\" src=\"https:\/\/alasdeleyre.com\/wp-content\/uploads\/2026\/05\/image-1-1024x576.png\" alt=\"\" class=\"wp-image-5911\" srcset=\"https:\/\/alasdeleyre.com\/wp-content\/uploads\/2026\/05\/image-1-1024x576.png 1024w, https:\/\/alasdeleyre.com\/wp-content\/uploads\/2026\/05\/image-1-300x169.png 300w, https:\/\/alasdeleyre.com\/wp-content\/uploads\/2026\/05\/image-1-768x432.png 768w, https:\/\/alasdeleyre.com\/wp-content\/uploads\/2026\/05\/image-1-1536x864.png 1536w, https:\/\/alasdeleyre.com\/wp-content\/uploads\/2026\/05\/image-1.png 1920w\" sizes=\"auto, (max-width: 1024px) 100vw, 1024px\" \/><\/a><\/figure>\n\n\n\n<p>Como nos cuenta Yeray en su entrevista, la carrera tuvo 2 partes muy claras: la r\u00e1pida, y la lenta.<\/p>\n\n\n\n<figure class=\"wp-block-embed is-type-video is-provider-youtube wp-block-embed-youtube wp-embed-aspect-16-9 wp-has-aspect-ratio\"><div class=\"wp-block-embed__wrapper\">\n<iframe loading=\"lazy\" title=\"Liga Norte 2026 - 18 abril - Yeray Gonz\u00e1lez\" width=\"500\" height=\"281\" src=\"https:\/\/www.youtube.com\/embed\/V9sSwiNXYN4?feature=oembed\" frameborder=\"0\" allow=\"accelerometer; autoplay; clipboard-write; encrypted-media; gyroscope; picture-in-picture; web-share\" referrerpolicy=\"strict-origin-when-cross-origin\" allowfullscreen><\/iframe>\n<\/div><\/figure>\n\n\n\n<p>Yeray sale como un misil (dice que porque hizo mal el SP), y se pone en cabeza enseguida. Tras \u00e9l Xabi, Antonio, Gorka, Unai, \u00c1lvaro&#8230;<\/p>\n\n\n\n<p>Antes de llegar a Mon Rep\u00f3s, el grupo ya estaba muy separado. Pero simepre estaba Yeray adelante.<\/p>\n\n\n\n<p>Las condiciones eran razonables, al menos, hasta que se nos termin\u00f3 la monta\u00f1a. A partir de all\u00ed, hab\u00eda que echar el freno. Y empezaba la nueva carrera. Es curioso ver el live track: \u00a1c\u00f3mo cambia la cosa!.<\/p>\n\n\n\n<p>Por detr\u00e1s, muchos pinchados, al entrar una gran sombra que dej\u00f3 las condiciones muy pobres.<br>Y este fue el punto de inflexi\u00f3n. Digamos que (casi) quien pasaba de 45 km de manga, llegaba a gol.<\/p>\n\n\n\n<p>Al final, 7 pilotos en gol. 2 m\u00e1s, si no hubiera sido por unos cables de alta tensi\u00f3n que se cruzaron en su camino.<br>Yeray marc\u00f3 una media de 29 km\/h, haciendo los 72 km en 2h 27.<br>A 8 minutazos llegaba Antonio Ramos, seguido de UNai Olaso-<br>Cabe destacar la llegada a gol de Rodolfo, con una vela C, a 17 minutos, y, muy especialmente, las 2 velas B: \u00c1lvaro Lafuente e Ismael Escudero.<\/p>\n\n\n\n<p><\/p>\n\n\n\n<p>Esta fue la <a href=\"https:\/\/www.alasdeleyre.com\/viejo\/Clasificaciones\/Nacionales\/Liga_norte\/2026\/LIGA_NORTE_2026-M02-Loarre.pdf\" target=\"_blank\" rel=\"noreferrer noopener\">clasificaci\u00f3n<\/a> del d\u00eda.<\/p>\n\n\n\n<p><\/p>\n\n\n\n<h3 class=\"wp-block-heading\">DOMINGO<\/h3>\n\n\n\n<p>Nuevo d\u00eda en Loarre.<\/p>\n\n\n\n<p>Esta vez, mejor previsi\u00f3n de techos. Aunque por detr\u00e1s, nada que hacer, no podemos ir all\u00ed.<br>As\u00ed que nos quedamos por la zona. Y como tampoco ten\u00edamos muchas ganas de ir hacia el este y alejarnos (la mayor\u00eda) de casa, se decidi\u00f3 una prueba en modo \u00abzigzag\u00bb con espacio acotado (Riglos-Gratal) que, en principio, deber\u00eda ser sencillo.<\/p>\n\n\n\n<p>Dif\u00edcil no fue, y la prueba es que hubo m\u00e1s pilotos en gol que el d\u00eda anterior.<br>Pero tambi\u00e9n tuvimos nuestra raz\u00f3n de sombre (por nubarraco gordo en la zona del Moncayo), y algo de estr\u00e9s, por otros nubarracos al norte.<\/p>\n\n\n\n<p>La prueba fue mete\u00f3rica, nada que ver con la anterior. Los primeros, de \u00abcarreras\u00bb toda la prueba, pis\u00e1ndolo todo.<br>Y el ganador, de nuevo Yeray. Por muy poco sobre Antonio (otra vez).<br>\u00a1C\u00f3mo vienen los Braulios!<\/p>\n\n\n<div class=\"wp-block-image\">\n<figure class=\"alignleft size-full\"><a href=\"https:\/\/www.livetrack24.com\/tasks\/4987\/replay\" target=\"_blank\" rel=\" noreferrer noopener\"><img loading=\"lazy\" decoding=\"async\" width=\"200\" height=\"209\" src=\"https:\/\/alasdeleyre.com\/wp-content\/uploads\/2026\/05\/image-2.png\" alt=\"\" class=\"wp-image-5916\"\/><\/a><\/figure>\n<\/div>\n\n\n<p>La pueba, esta vez, consisti\u00f3 en un recorrido al principio al este, luego al oeste (un poco antes de los Mallos), vuelta a Gratal, para terminar yendo al oeste otra vez (m\u00e1s cerca) y gol en el aterrizaje oficial de Loarre.<\/p>\n\n\n\n<p>Muy c\u00f3moda de recogida, y para los del gol tambi\u00e9n, claro.<\/p>\n\n\n\n<p><\/p>\n\n\n\n<figure class=\"wp-block-image size-large\"><a href=\"https:\/\/alasdeleyre.com\/wp-content\/uploads\/2026\/05\/image-4.png\"><img loading=\"lazy\" decoding=\"async\" width=\"1024\" height=\"576\" src=\"https:\/\/alasdeleyre.com\/wp-content\/uploads\/2026\/05\/image-4-1024x576.png\" alt=\"\" class=\"wp-image-5918\" srcset=\"https:\/\/alasdeleyre.com\/wp-content\/uploads\/2026\/05\/image-4-1024x576.png 1024w, https:\/\/alasdeleyre.com\/wp-content\/uploads\/2026\/05\/image-4-300x169.png 300w, https:\/\/alasdeleyre.com\/wp-content\/uploads\/2026\/05\/image-4-768x432.png 768w, https:\/\/alasdeleyre.com\/wp-content\/uploads\/2026\/05\/image-4-1536x864.png 1536w, https:\/\/alasdeleyre.com\/wp-content\/uploads\/2026\/05\/image-4.png 1920w\" sizes=\"auto, (max-width: 1024px) 100vw, 1024px\" \/><\/a><\/figure>\n\n\n\n<p>Como nos cuentan Yeray y Antonio, el que gira&#8230; \u00a1pierde!.<br><\/p>\n\n\n\n<figure class=\"wp-block-embed is-type-video is-provider-youtube wp-block-embed-youtube wp-embed-aspect-16-9 wp-has-aspect-ratio\"><div class=\"wp-block-embed__wrapper\">\n<iframe loading=\"lazy\" title=\"Liga Norte 2026 - Loarre - 19 abril - Yeray\/Antonio\" width=\"500\" height=\"281\" src=\"https:\/\/www.youtube.com\/embed\/e5sa9aKqohg?feature=oembed\" frameborder=\"0\" allow=\"accelerometer; autoplay; clipboard-write; encrypted-media; gyroscope; picture-in-picture; web-share\" referrerpolicy=\"strict-origin-when-cross-origin\" allowfullscreen><\/iframe>\n<\/div><\/figure>\n\n\n\n<p><\/p>\n\n\n\n<p>Estuvimos 43 pilotos.<br>Yeray hizo una media de 31,1 km\/h, completando el recorrido de 56 km en 1h 44.<br>Antonio le sigui\u00f3 a 27 segundos. Y despu\u00e9s entrar\u00eda Gorka.<br>As\u00ed hasta 16 pilotos, cerrando el gol Rodolfo (que no ha fallado ninguna manga) a 50 minutazos de Yeray.<br>La clasificaci\u00f3n de esta manga qued\u00f3 as\u00ed: <a href=\"https:\/\/www.alasdeleyre.com\/viejo\/Clasificaciones\/Nacionales\/Liga_norte\/2026\/LIGA_NORTE_2026-M03-Loarre.pdf\" target=\"_blank\" rel=\"noreferrer noopener\">m03<\/a>.<br><br>Y la <a href=\"https:\/\/www.alasdeleyre.com\/viejo\/Clasificaciones\/Nacionales\/Liga_norte\/2026\/LIGA_NORTE_2026-GENERAL(M03).pdf\" target=\"_blank\" rel=\"noreferrer noopener\">general<\/a>, tras este finde, est\u00e1 encabezada por Yeray, que libr\u00f3 su pinchada en \u00abcasa\u00bb gracias al descarte.<\/p>\n\n\n\n<p>La pr\u00f3xima prueba, el finde del 1-3 de mayo, y si la m\u00e9teo no nos respeta, nos iremos a la reserva del 16-17 de mayo.<\/p>\n\n\n\n<p><\/p>\n\n\n\n<p><\/p>\n\n\n\n<p>Y, como siempre, un poco de multimedia sobre estas mangas. Pero, poco&#8230;<\/p>\n\n\n\n<h2 class=\"wp-block-heading\">Yeray &amp; I\u00f1igo Gabiria<\/h2>\n\n\n\n<figure class=\"wp-block-image size-full\"><a href=\"https:\/\/www.facebook.com\/groups\/LigaNorteParapente\/posts\/27641566518845789\/?__cft__[0]=AZambLZgDGdrMiHLSJilS5M0ZZZXlSLwPLCKwvrE6Gbf9am7zh76CXTdK1HX1H8FBcoms86N0hs4qG-H-Mb-qZjZTd8Nx3_igVY76p7DAA9Qw2QBPeym1t4i5LfLywEh7w2AW3bNanXnkub4FKfu_GC3XSp3aZgcgXOK3khqykHocJanrLRjcz6_v7dP9aoK-caxrQT_N2JuzIkJrRSedbTS&amp;__tn__=%2CO%2CP-R\" target=\"_blank\" rel=\" noreferrer noopener\"><img loading=\"lazy\" decoding=\"async\" width=\"679\" height=\"770\" src=\"https:\/\/alasdeleyre.com\/wp-content\/uploads\/2026\/05\/image-3.png\" alt=\"\" class=\"wp-image-5917\" srcset=\"https:\/\/alasdeleyre.com\/wp-content\/uploads\/2026\/05\/image-3.png 679w, https:\/\/alasdeleyre.com\/wp-content\/uploads\/2026\/05\/image-3-265x300.png 265w\" sizes=\"auto, (max-width: 679px) 100vw, 679px\" \/><\/a><\/figure>\n","protected":false},"excerpt":{"rendered":"<p>Qu\u00e9 gran acierto ir a Loarre!, como dec\u00eda Yeray, el \u00fanico hueco sin tormentas en \u00abnosecuantos\u00bb km! Este finde s\u00ed, promete. Parece que podremos hacer las 2 mangas. Y, adem\u00e1s, c on condiciones bastante diferentes. S\u00c1BADO Tras una serie de dudas sobre el lugar en donde hacer la prueba, al final, fuimos a lo seguro, [&hellip;]<\/p>\n","protected":false},"author":1,"featured_media":0,"comment_status":"open","ping_status":"","sticky":false,"template":"","format":"standard","meta":{"ngg_post_thumbnail":0,"jetpack_post_was_ever_published":false,"_jetpack_newsletter_access":"","_jetpack_dont_email_post_to_subs":false,"_jetpack_newsletter_tier_id":0,"_jetpack_memberships_contains_paywalled_content":false,"_jetpack_memberships_contains_paid_content":false,"footnotes":""},"categories":[19,3,13],"tags":[],"class_list":["post-5908","post","type-post","status-publish","format-standard","hentry","category-cronicas","category-liga-norte","category-parapente"],"jetpack_featured_media_url":"","jetpack_sharing_enabled":true,"_links":{"self":[{"href":"https:\/\/alasdeleyre.com\/index.php?rest_route=\/wp\/v2\/posts\/5908","targetHints":{"allow":["GET"]}}],"collection":[{"href":"https:\/\/alasdeleyre.com\/index.php?rest_route=\/wp\/v2\/posts"}],"about":[{"href":"https:\/\/alasdeleyre.com\/index.php?rest_route=\/wp\/v2\/types\/post"}],"author":[{"embeddable":true,"href":"https:\/\/alasdeleyre.com\/index.php?rest_route=\/wp\/v2\/users\/1"}],"replies":[{"embeddable":true,"href":"https:\/\/alasdeleyre.com\/index.php?rest_route=%2Fwp%2Fv2%2Fcomments&post=5908"}],"version-history":[{"count":6,"href":"https:\/\/alasdeleyre.com\/index.php?rest_route=\/wp\/v2\/posts\/5908\/revisions"}],"predecessor-version":[{"id":5920,"href":"https:\/\/alasdeleyre.com\/index.php?rest_route=\/wp\/v2\/posts\/5908\/revisions\/5920"}],"wp:attachment":[{"href":"https:\/\/alasdeleyre.com\/index.php?rest_route=%2Fwp%2Fv2%2Fmedia&parent=5908"}],"wp:term":[{"taxonomy":"category","embeddable":true,"href":"https:\/\/alasdeleyre.com\/index.php?rest_route=%2Fwp%2Fv2%2Fcategories&post=5908"},{"taxonomy":"post_tag","embeddable":true,"href":"https:\/\/alasdeleyre.com\/index.php?rest_route=%2Fwp%2Fv2%2Ftags&post=5908"}],"curies":[{"name":"wp","href":"https:\/\/api.w.org\/{rel}","templated":true}]}}