{"id":947,"date":"2013-04-14T00:33:07","date_gmt":"2013-04-13T22:33:07","guid":{"rendered":"http:\/\/alasdeleyre.com\/?p=947"},"modified":"2013-04-20T13:15:32","modified_gmt":"2013-04-20T11:15:32","slug":"liga-norte-2013-14-abril-loarre-cronicas","status":"publish","type":"post","link":"https:\/\/alasdeleyre.com\/?p=947","title":{"rendered":"Liga Norte 2013 &#8211; 13 abril &#8211; Loarre &#8211; Cr\u00f3nicas, fotos, v\u00eddeos"},"content":{"rendered":"<p>Mang\u00f3n, mang\u00f3n, el de Loarre.<\/p>\n<p><a href=\"http:\/\/alasdeleyre.com\/wp-content\/uploads\/2013\/04\/IMG-20130413-WA0000.jpg\"><img loading=\"lazy\" decoding=\"async\" class=\"size-medium wp-image-948 alignleft\" style=\"border: 1px solid black; margin: 10px;\" alt=\"IMG-20130413-WA0000\" src=\"http:\/\/alasdeleyre.com\/wp-content\/uploads\/2013\/04\/IMG-20130413-WA0000-300x225.jpg\" width=\"300\" height=\"225\" srcset=\"https:\/\/alasdeleyre.com\/wp-content\/uploads\/2013\/04\/IMG-20130413-WA0000-300x225.jpg 300w, https:\/\/alasdeleyre.com\/wp-content\/uploads\/2013\/04\/IMG-20130413-WA0000.jpg 800w\" sizes=\"auto, (max-width: 300px) 100vw, 300px\" \/><\/a><\/p>\n<p>&nbsp;<\/p>\n<p><a href=\"http:\/\/alasdeleyre.com\/wp-content\/uploads\/2013\/04\/14008_10151640093104363_879148316_n.jpg\"><img loading=\"lazy\" decoding=\"async\" class=\"alignnone size-medium wp-image-968\" style=\"border: 1px solid black; margin: 10px;\" alt=\"14008_10151640093104363_879148316_n\" src=\"http:\/\/alasdeleyre.com\/wp-content\/uploads\/2013\/04\/14008_10151640093104363_879148316_n-300x200.jpg\" width=\"300\" height=\"200\" srcset=\"https:\/\/alasdeleyre.com\/wp-content\/uploads\/2013\/04\/14008_10151640093104363_879148316_n-300x200.jpg 300w, https:\/\/alasdeleyre.com\/wp-content\/uploads\/2013\/04\/14008_10151640093104363_879148316_n.jpg 960w\" sizes=\"auto, (max-width: 300px) 100vw, 300px\" \/><\/a><\/p>\n<p>&nbsp;<\/p>\n<p>78 km de prueba. Ambiciosa, muy ambiciosa, que, parece que el d\u00eda siguiente es de ventarr\u00f3n, y hay que aprovechar.<\/p>\n<p>70 \u00a0inscritos, para ir calentando para la prueba conjunta con la Liga Catalana, que se har\u00e1 aqu\u00ed mismo en un mes.<\/p>\n<p>Condiciones muy duras al principio, que, a punto han estado de echar al traste la prueba. Finalmente, las condiciones mejoran, el viento baja algo, y se pudo seguir.<br \/>\nEl viento, no era el SW que se esperaba, sino, m\u00e1s bien, Sur o Sur-este. As\u00ed que, la prueba, con gol en A\u00ednsa, se veia realmente dif\u00edcil.<\/p>\n<p>Varios pilotos hicieron parte de la manga, y decidieron volverse a aterrizar a Loarre, hartos ya de pelear contra el viento.<br \/>\nOtros, pinchaban pronto, y otros se bajaban, inc\u00f3modos por las condiciones duras del inicio de carrera.<\/p>\n<p>Pero, lo que interesa&#8230;<br \/>\nUn piloto en gol, Iv\u00e1n Col\u00e1s. Tras m\u00e1s de 4 horas de vuelo (cronometrado), y estrenando en competici\u00f3n su nueva Swing Core 3.<br \/>\nTras \u00e9l, Juan Carlos Mart\u00ednez Mel\u00f3n (o sea, Wilfred), que tambi\u00e9n estaba de estreno, la Gin Boomerang 9, se quedaba a 2 km de gol.<br \/>\nY, despu\u00e9s de ellos, Gorka Eduaien, con la Gin Boomerang X, a 5 de gol.<\/p>\n<p>Aqu\u00ed pod\u00e9is ver el track de Iv\u00e1n.<\/p>\n<p><a href=\"http:\/\/alasdeleyre.com\/wp-content\/uploads\/2013\/04\/902012_10200538174353396_582611386_o.jpg\"><img decoding=\"async\" class=\"alignnone  wp-image-952\" alt=\"Track Iv\u00e1n\" src=\"http:\/\/alasdeleyre.com\/wp-content\/uploads\/2013\/04\/902012_10200538174353396_582611386_o-300x174.jpg\" width=\"550\" srcset=\"https:\/\/alasdeleyre.com\/wp-content\/uploads\/2013\/04\/902012_10200538174353396_582611386_o-300x174.jpg 300w, https:\/\/alasdeleyre.com\/wp-content\/uploads\/2013\/04\/902012_10200538174353396_582611386_o-1024x594.jpg 1024w, https:\/\/alasdeleyre.com\/wp-content\/uploads\/2013\/04\/902012_10200538174353396_582611386_o.jpg 1046w\" sizes=\"(max-width: 300px) 100vw, 300px\" \/><\/a><\/p>\n<p>&nbsp;<\/p>\n<p>Aqu\u00ed ten\u00e9is las <a href=\"http:\/\/alasdeleyre.com\/?page_id=42\" target=\"_blank\">clasificaciones provisionales<\/a>, a \u00a0falta de varios tracks a\u00fan, y las reclamaciones.<br \/>\n1\u00ba Iv\u00e1n Col\u00e1s, 79 km, 4:10:31<br \/>\n2\u00ba Wilfred, 76 km<br \/>\n3\u00ba Gorka, 73,6 km<br \/>\n&#8230;<\/p>\n<p>&nbsp;<\/p>\n<p>Y la general queda encabezada por Iv\u00e1n, seguido de Gorka y Casti.<br \/>\n,<\/p>\n<p><a href=\"http:\/\/alasdeleyre.com\/wp-content\/uploads\/2013\/04\/483495_10151640113244363_445683309_n.jpg\"><img loading=\"lazy\" decoding=\"async\" class=\"wp-image-956 alignleft\" style=\"border: 1px solid black; margin: 10px;\" alt=\"Mateu_Loarre\" src=\"http:\/\/alasdeleyre.com\/wp-content\/uploads\/2013\/04\/483495_10151640113244363_445683309_n-300x200.jpg\" width=\"300\" height=\"200\" srcset=\"https:\/\/alasdeleyre.com\/wp-content\/uploads\/2013\/04\/483495_10151640113244363_445683309_n-300x200.jpg 300w, https:\/\/alasdeleyre.com\/wp-content\/uploads\/2013\/04\/483495_10151640113244363_445683309_n.jpg 960w\" sizes=\"auto, (max-width: 300px) 100vw, 300px\" \/><\/a><\/p>\n<p><a href=\"http:\/\/alasdeleyre.com\/wp-content\/uploads\/2013\/04\/537413_10151640102824363_947904744_n-e1366009318933.jpg\"><img loading=\"lazy\" decoding=\"async\" class=\"alignleft\" style=\"border: 1px solid black; margin: 10px;\" alt=\"\" src=\"http:\/\/alasdeleyre.com\/wp-content\/uploads\/2013\/04\/537413_10151640102824363_947904744_n-e1366009318933.jpg\" width=\"300\" height=\"166\" \/><\/a><\/p>\n<p>&nbsp;<\/p>\n<p>&nbsp;<\/p>\n<p>&nbsp;<\/p>\n<p>&nbsp;<\/p>\n<p>&nbsp;<\/p>\n<p>&nbsp;<\/p>\n<p>&nbsp;<\/p>\n<p>&nbsp;<\/p>\n<p>&nbsp;<\/p>\n<p>Aqu\u00ed os dejamos unas <a title=\"Fotos despegues\" href=\"https:\/\/www.facebook.com\/media\/set\/?set=oa.417704741658668&amp;type=1\" target=\"_blank\">fotos de los despegues<\/a>, cortes\u00eda de Leire.<br \/>\nY <a href=\"https:\/\/www.facebook.com\/media\/set\/?set=oa.417282795034196&amp;type=1\" target=\"_blank\">m\u00e1s fotos<br \/>\n<\/a>Adem\u00e1s, <a href=\"http:\/\/ostargi.brinkster.net\/cast\/fotos2.asp?id_categoria=160\" target=\"_blank\">fotos de Chema Cort\u00e9s<\/a>, de la web de Ostargi.<\/p>\n<p><a href=\"http:\/\/alasdeleyre.com\/wp-content\/uploads\/2013\/04\/554758_4432122292873_1908902335_n.jpg\"><img decoding=\"async\" class=\"alignnone  wp-image-966\" style=\"border: 1px solid black; margin: 10px;\" alt=\"554758_4432122292873_1908902335_n\" src=\"http:\/\/alasdeleyre.com\/wp-content\/uploads\/2013\/04\/554758_4432122292873_1908902335_n-300x225.jpg\" width=\"500\" srcset=\"https:\/\/alasdeleyre.com\/wp-content\/uploads\/2013\/04\/554758_4432122292873_1908902335_n-300x225.jpg 300w, https:\/\/alasdeleyre.com\/wp-content\/uploads\/2013\/04\/554758_4432122292873_1908902335_n.jpg 960w\" sizes=\"(max-width: 300px) 100vw, 300px\" \/><\/a><\/p>\n<p>En este v\u00eddeo, Iv\u00e1n nos cuenta c\u00f3mo fue esa manga:<br \/>\n<iframe loading=\"lazy\" src=\"http:\/\/www.youtube.com\/embed\/6pmQO_quxUQ?rel=0\" height=\"315\" width=\"560\" allowfullscreen=\"\" frameborder=\"0\"><\/iframe><\/p>\n<p>Y m\u00e1s de la familia Col\u00e1s. Si te quieres buscar despegando, \u00a1este es tu v\u00eddeo!, de \u00c1ngel.<\/p>\n<p><iframe loading=\"lazy\" src=\"http:\/\/www.youtube.com\/embed\/5DVFb-wH5o0?rel=0\" height=\"315\" width=\"560\" allowfullscreen=\"\" frameborder=\"0\"><\/iframe><\/p>\n<p>Pronto, pronto, m\u00e1s v\u00eddeos, m\u00e1s fotos, m\u00e1s&#8230; de todo!<\/p>\n<p>Y, para terminar, la <a href=\"http:\/\/xabiergonzalezparapente.wordpress.com\/2013\/04\/19\/liga-norte-2a-prueba-loarre\/\" target=\"_blank\">cr\u00f3nica de Xabi<\/a>, de su blog.<\/p>\n<p>&nbsp;<\/p>\n","protected":false},"excerpt":{"rendered":"<p>Mang\u00f3n, mang\u00f3n, el de Loarre. &nbsp; &nbsp; 78 km de prueba. Ambiciosa, muy ambiciosa, que, parece que el d\u00eda siguiente es de ventarr\u00f3n, y hay que aprovechar. 70 \u00a0inscritos, para ir calentando para la prueba conjunta con la Liga Catalana, que se har\u00e1 aqu\u00ed mismo en un mes. Condiciones muy duras al principio, que, a [&hellip;]<\/p>\n","protected":false},"author":1,"featured_media":0,"comment_status":"open","ping_status":"closed","sticky":false,"template":"","format":"standard","meta":{"ngg_post_thumbnail":0,"jetpack_post_was_ever_published":false,"_jetpack_newsletter_access":"","_jetpack_dont_email_post_to_subs":false,"_jetpack_newsletter_tier_id":0,"_jetpack_memberships_contains_paywalled_content":false,"_jetpack_memberships_contains_paid_content":false,"footnotes":""},"categories":[19,3,13],"tags":[],"class_list":["post-947","post","type-post","status-publish","format-standard","hentry","category-cronicas","category-liga-norte","category-parapente"],"jetpack_featured_media_url":"","jetpack_sharing_enabled":true,"_links":{"self":[{"href":"https:\/\/alasdeleyre.com\/index.php?rest_route=\/wp\/v2\/posts\/947","targetHints":{"allow":["GET"]}}],"collection":[{"href":"https:\/\/alasdeleyre.com\/index.php?rest_route=\/wp\/v2\/posts"}],"about":[{"href":"https:\/\/alasdeleyre.com\/index.php?rest_route=\/wp\/v2\/types\/post"}],"author":[{"embeddable":true,"href":"https:\/\/alasdeleyre.com\/index.php?rest_route=\/wp\/v2\/users\/1"}],"replies":[{"embeddable":true,"href":"https:\/\/alasdeleyre.com\/index.php?rest_route=%2Fwp%2Fv2%2Fcomments&post=947"}],"version-history":[{"count":19,"href":"https:\/\/alasdeleyre.com\/index.php?rest_route=\/wp\/v2\/posts\/947\/revisions"}],"predecessor-version":[{"id":977,"href":"https:\/\/alasdeleyre.com\/index.php?rest_route=\/wp\/v2\/posts\/947\/revisions\/977"}],"wp:attachment":[{"href":"https:\/\/alasdeleyre.com\/index.php?rest_route=%2Fwp%2Fv2%2Fmedia&parent=947"}],"wp:term":[{"taxonomy":"category","embeddable":true,"href":"https:\/\/alasdeleyre.com\/index.php?rest_route=%2Fwp%2Fv2%2Fcategories&post=947"},{"taxonomy":"post_tag","embeddable":true,"href":"https:\/\/alasdeleyre.com\/index.php?rest_route=%2Fwp%2Fv2%2Ftags&post=947"}],"curies":[{"name":"wp","href":"https:\/\/api.w.org\/{rel}","templated":true}]}}